{"id":1054,"date":"2022-02-20T19:05:17","date_gmt":"2022-02-20T19:05:17","guid":{"rendered":"https:\/\/pokretmeri.org.rs\/home\/?p=1054"},"modified":"2022-02-20T19:05:18","modified_gmt":"2022-02-20T19:05:18","slug":"odrzan-prvi-sastanak-radne-grupe","status":"publish","type":"post","link":"https:\/\/pokretmeri.org.rs\/home\/2022\/02\/20\/odrzan-prvi-sastanak-radne-grupe\/","title":{"rendered":"Odr\u017ean prvi sastanak radne grupe"},"content":{"rendered":"\n<p>U petak, 18. 02. 2022. godine odr\u017ean je prvi sastanak posebne Radne grupe za izradu predloga mera za unapre\u0111enje rada hitne medicinske pomo\u0107i na teritoriji Republike Srbije. <\/p>\n\n\n\n<p>Sastankom je predsedavao predsednik Radne grupe i pomo\u0107nik ministra zdravlja dr Jugoslav Kele\u010devi\u0107, a prisustvovali su svi \u010dlanovi.<\/p>\n\n\n\n<p>Na sastanku je bilo diskusije o postoje\u0107im problemima u radu hitne medicinske pomo\u0107i i o na\u010dinu kako da se unapredi njen rad.<\/p>\n\n\n\n<div class=\"wp-block-image\"><figure class=\"aligncenter size-full\"><img fetchpriority=\"high\" decoding=\"async\" width=\"600\" height=\"270\" src=\"https:\/\/pokretmeri.org.rs\/home\/wp-content\/uploads\/2022\/02\/274152285_368417761786399_1464217672889819423_n.jpg\" alt=\"\" class=\"wp-image-1057\" srcset=\"https:\/\/pokretmeri.org.rs\/home\/wp-content\/uploads\/2022\/02\/274152285_368417761786399_1464217672889819423_n.jpg 600w, https:\/\/pokretmeri.org.rs\/home\/wp-content\/uploads\/2022\/02\/274152285_368417761786399_1464217672889819423_n-300x135.jpg 300w\" sizes=\"(max-width: 600px) 100vw, 600px\" \/><\/figure><\/div>\n\n\n\n<p>Svi \u010dlanovi su govorili o aktuelnim problemima hitne pomo\u0107i i slo\u017eili se da je osnovni cilj da se prona\u0111u adekvatne mere kako bi se pobolj\u0161ao rad hitne pomo\u0107i. \u010clanovi su preuzeli obavezu da do slede\u0107eg sastanka daju konkretne predloge za na\u010din odre\u0111ivanja neophodnih terenskih ekipa, standardizaciju kadra i opreme, kao i standardizaciju dokumentacije. Jedan od predloga koji je izneo predsednik Pokreta &#8220;Pravo na \u017eivot &#8211; Meri&#8221; Dejan Zejnula je i da se formiraju regionalni dispe\u010darski centri u kojima bi radili samo operateri obu\u010deni za prijem i trija\u017eu poziva, a koji bi pokrivali odre\u0111eni region. O svim predlozima bi\u0107e raspravljano na narednoj sednici Radne grupe.<\/p>\n\n\n\n<p>Sastanku su prisustvovali predsednik Pokreta \u201ePravo na \u017eivot \u2013 Meri\u201c Dejan Zejnula, \u010dlan skup\u0161tine Pokreta &#8220;Pravo na \u017eivot &#8211; Meri&#8221; dr Miodrag Brankovi\u0107, lekar Zavoda za hitnu medicinsku pomo\u0107 Ni\u0161, \u010dlan skup\u0161tine Pokreta &#8220;Pravo na \u017eivot &#8211; Meri&#8221;  dr Aleksandra Paunovi\u0107 na\u010delnica Slu\u017ebe hitne medicinske pomo\u0107i Negotin, direktor Doma zdravlja u Svrljigu dr Dejan Anti\u0107 i advokat Du\u0161anka M. Jovanovi\u0107 \u0160unjara.<\/p>\n\n\n\n<p>Nakon sednice, \u010dlanovi Pokreta su odr\u017eali dvosatni sastanak u Narodnoj skup\u0161tini sa gospodinom Milijom Mileti\u0107, potpredsednikom radne grupe, gde su dogovorili dinamiku i na\u010din dalje saradnje.  <\/p>\n\n\n\n<div class=\"wp-block-image\"><figure class=\"aligncenter size-full\"><img decoding=\"async\" width=\"600\" height=\"270\" src=\"https:\/\/pokretmeri.org.rs\/home\/wp-content\/uploads\/2022\/02\/274070544_368418091786366_5907805682488358594_n-1.jpg\" alt=\"\" class=\"wp-image-1059\" srcset=\"https:\/\/pokretmeri.org.rs\/home\/wp-content\/uploads\/2022\/02\/274070544_368418091786366_5907805682488358594_n-1.jpg 600w, https:\/\/pokretmeri.org.rs\/home\/wp-content\/uploads\/2022\/02\/274070544_368418091786366_5907805682488358594_n-1-300x135.jpg 300w\" sizes=\"(max-width: 600px) 100vw, 600px\" \/><\/figure><\/div>\n","protected":false},"excerpt":{"rendered":"<p>U petak, 18. 02. 2022. godine odr\u017ean je prvi sastanak posebne Radne grupe za izradu predloga mera za unapre\u0111enje rada hitne medicinske pomo\u0107i na teritoriji Republike Srbije. Sastankom je predsedavao predsednik Radne grupe i pomo\u0107nik ministra zdravlja dr Jugoslav Kele\u010devi\u0107, a prisustvovali su svi \u010dlanovi. Na sastanku je bilo diskusije o postoje\u0107im problemima u radu [&hellip;]<\/p>\n","protected":false},"author":1,"featured_media":1056,"comment_status":"open","ping_status":"open","sticky":false,"template":"","format":"standard","meta":{"_eb_attr":"","_monsterinsights_skip_tracking":false,"_monsterinsights_sitenote_active":false,"_monsterinsights_sitenote_note":"","_monsterinsights_sitenote_category":0,"site-sidebar-layout":"default","site-content-layout":"","ast-site-content-layout":"","site-content-style":"default","site-sidebar-style":"default","ast-global-header-display":"","ast-banner-title-visibility":"","ast-main-header-display":"","ast-hfb-above-header-display":"","ast-hfb-below-header-display":"","ast-hfb-mobile-header-display":"","site-post-title":"","ast-breadcrumbs-content":"","ast-featured-img":"","footer-sml-layout":"","theme-transparent-header-meta":"","adv-header-id-meta":"","stick-header-meta":"","header-above-stick-meta":"","header-main-stick-meta":"","header-below-stick-meta":"","astra-migrate-meta-layouts":"default","ast-page-background-enabled":"default","ast-page-background-meta":{"desktop":{"background-color":"var(--ast-global-color-4)","background-image":"","background-repeat":"repeat","background-position":"center center","background-size":"auto","background-attachment":"scroll","background-type":"","background-media":"","overlay-type":"","overlay-color":"","overlay-opacity":"","overlay-gradient":""},"tablet":{"background-color":"","background-image":"","background-repeat":"repeat","background-position":"center center","background-size":"auto","background-attachment":"scroll","background-type":"","background-media":"","overlay-type":"","overlay-color":"","overlay-opacity":"","overlay-gradient":""},"mobile":{"background-color":"","background-image":"","background-repeat":"repeat","background-position":"center center","background-size":"auto","background-attachment":"scroll","background-type":"","background-media":"","overlay-type":"","overlay-color":"","overlay-opacity":"","overlay-gradient":""}},"ast-content-background-meta":{"desktop":{"background-color":"var(--ast-global-color-5)","background-image":"","background-repeat":"repeat","background-position":"center center","background-size":"auto","background-attachment":"scroll","background-type":"","background-media":"","overlay-type":"","overlay-color":"","overlay-opacity":"","overlay-gradient":""},"tablet":{"background-color":"var(--ast-global-color-5)","background-image":"","background-repeat":"repeat","background-position":"center center","background-size":"auto","background-attachment":"scroll","background-type":"","background-media":"","overlay-type":"","overlay-color":"","overlay-opacity":"","overlay-gradient":""},"mobile":{"background-color":"var(--ast-global-color-5)","background-image":"","background-repeat":"repeat","background-position":"center center","background-size":"auto","background-attachment":"scroll","background-type":"","background-media":"","overlay-type":"","overlay-color":"","overlay-opacity":"","overlay-gradient":""}},"footnotes":""},"categories":[7],"tags":[],"class_list":["post-1054","post","type-post","status-publish","format-standard","has-post-thumbnail","hentry","category-aktivnosti"],"aioseo_notices":[],"_links":{"self":[{"href":"https:\/\/pokretmeri.org.rs\/home\/wp-json\/wp\/v2\/posts\/1054","targetHints":{"allow":["GET"]}}],"collection":[{"href":"https:\/\/pokretmeri.org.rs\/home\/wp-json\/wp\/v2\/posts"}],"about":[{"href":"https:\/\/pokretmeri.org.rs\/home\/wp-json\/wp\/v2\/types\/post"}],"author":[{"embeddable":true,"href":"https:\/\/pokretmeri.org.rs\/home\/wp-json\/wp\/v2\/users\/1"}],"replies":[{"embeddable":true,"href":"https:\/\/pokretmeri.org.rs\/home\/wp-json\/wp\/v2\/comments?post=1054"}],"version-history":[{"count":2,"href":"https:\/\/pokretmeri.org.rs\/home\/wp-json\/wp\/v2\/posts\/1054\/revisions"}],"predecessor-version":[{"id":1060,"href":"https:\/\/pokretmeri.org.rs\/home\/wp-json\/wp\/v2\/posts\/1054\/revisions\/1060"}],"wp:featuredmedia":[{"embeddable":true,"href":"https:\/\/pokretmeri.org.rs\/home\/wp-json\/wp\/v2\/media\/1056"}],"wp:attachment":[{"href":"https:\/\/pokretmeri.org.rs\/home\/wp-json\/wp\/v2\/media?parent=1054"}],"wp:term":[{"taxonomy":"category","embeddable":true,"href":"https:\/\/pokretmeri.org.rs\/home\/wp-json\/wp\/v2\/categories?post=1054"},{"taxonomy":"post_tag","embeddable":true,"href":"https:\/\/pokretmeri.org.rs\/home\/wp-json\/wp\/v2\/tags?post=1054"}],"curies":[{"name":"wp","href":"https:\/\/api.w.org\/{rel}","templated":true}]}}