{"id":2129,"date":"2025-01-02T09:03:06","date_gmt":"2025-01-02T07:03:06","guid":{"rendered":"https:\/\/pokretmeri.org.rs\/home\/?p=2129"},"modified":"2025-11-16T11:24:18","modified_gmt":"2025-11-16T09:24:18","slug":"poplava-u-zavodu-da-li-voda-krije-dublje-probleme","status":"publish","type":"post","link":"https:\/\/pokretmeri.org.rs\/home\/2025\/01\/02\/poplava-u-zavodu-da-li-voda-krije-dublje-probleme\/","title":{"rendered":"Poplava u Zavodu: Da li voda krije dublje probleme?"},"content":{"rendered":"\n<p><a href=\"https:\/\/pokretmeri.org.rs\/home\/2024\/12\/23\/unistenje-dokumentacije-zavoda-za-urgentnu-medicinu-slucaj-poplave-ili-nesto-vise\/\" target=\"_blank\" rel=\"noopener\" title=\"U prvom delu na\u0161e analize\">U prvom delu na\u0161e analize<\/a> osvrnuli smo se na doga\u0111aje koji su usledili nakon poplave u Zavodu za urgentnu medicinu Beograd, do koje je do\u0161lo 7. avgusta 2023. godine. Prema zvani\u010dnim informacijama, poplava je izazvala zna\u010dajnu \u0161tetu, uklju\u010duju\u0107i uni\u0161tenje preko 1.000 jedinica arhivske gra\u0111e, \u0161to ima potencijalne posledice na pravnu stabilnost Zavoda, posebno u pogledu zakonske obaveze \u010duvanja dokumenata, ali i na svakodnevni operativni rad.<\/p>\n\n\n\n<p>Posebno je postalo sporno za\u0161to incident nije bio tema sednice Upravnog odbora odr\u017eane istog dana, izme\u0111u 13:00 i 15:00 \u010dasova, koja je bila klju\u010dna prilika za reakciju i dono\u0161enje mera. Dodatno, pitanje prostorije broj 18, za koju se tvrdi da je poplavljena, ostalo je bez jasnog odgovora, budu\u0107i da ona nije navedena u zvani\u010dnom popisu prostorija sa uni\u0161tenom dokumentacijom, iako je u slu\u017ebenoj bele\u0161ci upisano da su u njoj uni\u0161teni putni i transportni nalozi za 2019. i 2020. godinu. Zvani\u010dni popis obuhvata kancelarije broj 4, 5, 9, 13, 14, 15, 16, 17, i 20, dok prostorija broj 18 nije pomenuta, uprkos tvrdnjama Zavoda.<\/p>\n\n\n\n<p>Kao \u0161to smo naveli, sednica Upravnog odbora zavr\u0161ena je u 15:00 \u010dasova i na njoj nije bilo re\u010di o incidentu i poplavi koja je zahvatila deset kancelarija, hodnik i restoran Zavoda, i ujedno uni\u0161tila va\u017ena dokumenta. Prijem mejla sa platforme &#8220;Moj doktor&#8221; ozna\u010dio je prvu zvani\u010dnu komunikaciju o incidentu, postavljaju\u0107i pitanje o tome za\u0161to reakcija nije usledila ranije.<\/p>\n\n\n\n<p>Kopija mejla koju smo dobili pokazuje da je zahtev za prijavom eventualno nastale \u0161tete usled elementarne nepogode u vidu jakih padavina i olujnog vetra trebalo dostaviti do sutradan, 8. avgusta najkasnije do 8:30 \u010dasova. Ovaj mejl je poslat Zavodu u 15:02, dva minuta nakon zavr\u0161etka sednice Upravnog odbora na kojoj nije bilo re\u010di o uni\u0161tenoj arhivskoj gra\u0111i.<\/p>\n\n\n\n<figure class=\"wp-block-image aligncenter size-full\"><img fetchpriority=\"high\" decoding=\"async\" width=\"629\" height=\"345\" src=\"https:\/\/pokretmeri.org.rs\/home\/wp-content\/uploads\/2025\/01\/1.png\" alt=\"\" class=\"wp-image-2130\" srcset=\"https:\/\/pokretmeri.org.rs\/home\/wp-content\/uploads\/2025\/01\/1.png 629w, https:\/\/pokretmeri.org.rs\/home\/wp-content\/uploads\/2025\/01\/1-300x165.png 300w\" sizes=\"(max-width: 629px) 100vw, 629px\" \/><\/figure>\n\n\n\n<p><strong>Analiti\u010dki pristup vremenskom sledu doga\u0111aja<\/strong><\/p>\n\n\n\n<p>Novi podaci o vremenskom sledu doga\u0111aja ukazuju na potencijalne proceduralne propuste. Mejl sa platforme &#8220;Moj doktor&#8221; poslat je u 15:02 \u010dasova, neposredno nakon zavr\u0161etka sednice Upravnog odbora u 15:00 \u010dasova, \u010dime se postavlja pitanje o vremenskoj koordinaciji informacija o incidentu.<\/p>\n\n\n\n<p>Postavlja se logi\u010dno pitanje za\u0161to tema poplave nije bila na dnevnom redu sednice, s obzirom na ozbiljnost navodnog uni\u0161tenja dokumentacije. Vremenska bliskost izme\u0111u zavr\u0161etka sednice i prijema mejla sa zahtevom za izve\u0161taj o \u0161teti mo\u017ee ukazivati na mogu\u0107nost da rukovodioci Zavoda nisu bili adekvatno informisani ili da su informacije o incidentu naknadno kori\u0161\u0107ene kao osnov za upravljanje posledicama.<\/p>\n\n\n\n<p><strong>Klju\u010dna pitanja<\/strong><\/p>\n\n\n\n<ol start=\"1\" class=\"wp-block-list\">\n<li><strong>Da li postoji razlog zbog kojeg incident nije bio tema sednice Upravnog odbora?<\/strong> Ako je poplava izazvala zna\u010dajnu \u0161tetu, o\u010dekivalo bi se da Upravni odbor bude obave\u0161ten i da donese mere kako bi se posledice incidenta minimizovale. Izostanak ove diskusije ukazuje na proceduralni jaz u informisanju.<\/li>\n\n\n\n<li><strong>Koja je priroda informacija poslatih putem mejla?<\/strong> Mejl sa platforme &#8220;Moj doktor&#8221; nosi formalni zahtev za prijavu \u0161tete i mo\u017ee ukazivati na to da su rukovodioci Zavoda reagovali tek po prijemu ovog dopisa. Da li je ovakav vremenski raspored slu\u010dajan, ostaje otvoreno pitanje.<\/li>\n\n\n\n<li><strong>Da li postoji nedoslednost u narativu o uni\u0161tenju dokumentacije?<\/strong> Nepostojanje ranijih izve\u0161taja o \u0161teti, kao i neslaganja u vezi sa prostorijama u kojima je navodno do\u0161lo do poplave, dodatno komplikuju zvani\u010dnu verziju doga\u0111aja.<\/li>\n<\/ol>\n\n\n\n<p><strong>Proceduralni izazovi<\/strong><\/p>\n\n\n\n<p>Ako je dokumentacija zaista uni\u0161tena, postavlja se pitanje o proceduralnim nepravilnostima u njenom \u010duvanju. Prema zakonima o arhivskoj gra\u0111i, Zavod je bio du\u017ean da preduzme mere za\u0161tite kako bi spre\u010dio uni\u0161tenje ovako bitne dokumentacije. Ovo uklju\u010duje adekvatno skladi\u0161tenje, za\u0161titu od poplava i pravovremeno obave\u0161tavanje nadle\u017enih institucija.<\/p>\n\n\n\n<p><strong>Obaveza prijavljivanja incidenta nadle\u017enim institucijama<\/strong><\/p>\n\n\n\n<p>Prema zakonima o arhivskoj gra\u0111i i za\u0161titi podataka o li\u010dnosti, Zavod za urgentnu medicinu Beograd imao je zakonsku obavezu da prijavi incident nastao usled poplave Arhivu Srbije, Istorijskom arhivu Beograda i Povereniku za informacije od javnog zna\u010daja i za\u0161titu podataka o li\u010dnosti. Ova obaveza uklju\u010duje dostavljanje detaljnog izve\u0161taja o \u0161teti, dokumentaciju o uni\u0161tenim materijalima i preduzetim merama za sanaciju posledica.<\/p>\n\n\n\n<p>Me\u0111utim, u dopisima koje smo dobili od navedenih institucija jasno je navedeno da Zavod nije prijavio incident:<\/p>\n\n\n\n<p><strong>Arhiv Srbije<\/strong>: U odgovoru od 22.10.2024. Arhiv Srbije navodi da nisu primili prijavu od Zavoda za urgentnu medicinu u vezi sa poplavom iz avgusta 2023. godine. Ovo dodatno potvr\u0111uje nepostojanje formalne komunikacije izme\u0111u Zavoda i ove institucije.<\/p>\n\n\n\n<figure class=\"wp-block-image aligncenter size-full\"><img decoding=\"async\" width=\"680\" height=\"896\" src=\"https:\/\/pokretmeri.org.rs\/home\/wp-content\/uploads\/2025\/01\/Arrhiv-srbije.png\" alt=\"\" class=\"wp-image-2131\" srcset=\"https:\/\/pokretmeri.org.rs\/home\/wp-content\/uploads\/2025\/01\/Arrhiv-srbije.png 680w, https:\/\/pokretmeri.org.rs\/home\/wp-content\/uploads\/2025\/01\/Arrhiv-srbije-228x300.png 228w\" sizes=\"(max-width: 680px) 100vw, 680px\" \/><\/figure>\n\n\n\n<p><strong>Istorijski arhiv Beograda<\/strong>: Dopis od 24.10.2024. potvr\u0111uje da Zavod nije prijavio uni\u0161tenje arhivske gra\u0111e. Ovaj dokument nagla\u0161ava da nisu preduzete nikakve zakonske radnje u skladu sa Zakonom o arhivskoj gra\u0111i.<\/p>\n\n\n\n<figure class=\"wp-block-image aligncenter size-full\"><img decoding=\"async\" width=\"772\" height=\"861\" src=\"https:\/\/pokretmeri.org.rs\/home\/wp-content\/uploads\/2025\/01\/Arhiv-beograda.png\" alt=\"\" class=\"wp-image-2132\" srcset=\"https:\/\/pokretmeri.org.rs\/home\/wp-content\/uploads\/2025\/01\/Arhiv-beograda.png 772w, https:\/\/pokretmeri.org.rs\/home\/wp-content\/uploads\/2025\/01\/Arhiv-beograda-269x300.png 269w, https:\/\/pokretmeri.org.rs\/home\/wp-content\/uploads\/2025\/01\/Arhiv-beograda-768x857.png 768w\" sizes=\"(max-width: 772px) 100vw, 772px\" \/><\/figure>\n\n\n\n<p><strong>Poverenik za informacije od javnog zna\u010daja i za\u0161titu podataka o li\u010dnosti<\/strong>: Dopis od 31.10.2024. jasno ukazuje da Zavod nije dostavio informacije o uni\u0161tenju dokumentacije, uprkos zakonskoj obavezi da obavesti Poverenika o potencijalnom riziku za podatke o li\u010dnosti.<\/p>\n\n\n\n<figure class=\"wp-block-image aligncenter size-full\"><img loading=\"lazy\" decoding=\"async\" width=\"670\" height=\"896\" src=\"https:\/\/pokretmeri.org.rs\/home\/wp-content\/uploads\/2025\/01\/Poverenik.png\" alt=\"\" class=\"wp-image-2133\" srcset=\"https:\/\/pokretmeri.org.rs\/home\/wp-content\/uploads\/2025\/01\/Poverenik.png 670w, https:\/\/pokretmeri.org.rs\/home\/wp-content\/uploads\/2025\/01\/Poverenik-224x300.png 224w\" sizes=\"(max-width: 670px) 100vw, 670px\" \/><\/figure>\n\n\n\n<p><strong>Neslaganja u tvrdnjama Zavoda<\/strong><\/p>\n\n\n\n<p>Zavod za urgentnu medicinu u svom dopisu od 20.11.2024. tvrdi da je incident prijavljen nadle\u017enim institucijama, ali dokumentacija dobijena od Arhiva Srbije, Istorijskog arhiva Beograda i Poverenika jasno negira ove tvrdnje. Ali da analiziramo detaljno odgovor na ta\u010dku 6. koju je dao Zavod. <\/p>\n\n\n\n<figure class=\"wp-block-gallery has-nested-images columns-default is-cropped wp-block-gallery-1 is-layout-flex wp-block-gallery-is-layout-flex\">\n<figure class=\"wp-block-image aligncenter size-large\"><img loading=\"lazy\" decoding=\"async\" width=\"791\" height=\"426\" data-id=\"2134\" src=\"https:\/\/pokretmeri.org.rs\/home\/wp-content\/uploads\/2025\/01\/z3.png\" alt=\"\" class=\"wp-image-2134\" srcset=\"https:\/\/pokretmeri.org.rs\/home\/wp-content\/uploads\/2025\/01\/z3.png 791w, https:\/\/pokretmeri.org.rs\/home\/wp-content\/uploads\/2025\/01\/z3-300x162.png 300w, https:\/\/pokretmeri.org.rs\/home\/wp-content\/uploads\/2025\/01\/z3-768x414.png 768w\" sizes=\"(max-width: 791px) 100vw, 791px\" \/><\/figure>\n<\/figure>\n\n\n\n<p><strong>Analiza odgovora Zavoda: Manevrisanje i izostanak zvani\u010dne prijave<\/strong><\/p>\n\n\n\n<p>Zavod za urgentnu medicinu u svom odgovoru poku\u0161ava da prika\u017ee da je Poverenik bio obave\u0161ten o incidentu nastalom zbog poplave, ali pa\u017eljivom analizom odgovora dolazi se do zaklju\u010dka da je ovakva tvrdnja deo manevra kojim se prikriva su\u0161tinski problem. Naime, iz dostavljenog dopisa jasno je da Zavod nije obavestio Poverenika neposredno nakon poplave, kako bi to trebalo u\u010diniti prema zakonskim obavezama, ve\u0107 je informaciju o poplavi dostavio tek u okviru odgovora na \u017ealbu podnetu Povereniku iz drugog osnova.<\/p>\n\n\n\n<p>Klju\u010dne ta\u010dke ovog problema uklju\u010duju:<\/p>\n\n\n\n<ol start=\"1\" class=\"wp-block-list\">\n<li><strong>Datum obave\u0161tavanja<\/strong>: Zavod u svom odgovoru tvrdi da je Poverenik obave\u0161ten o poplavi. Me\u0111utim, broj predmeta koji Zavod navodi jasno pokazuje da je Poverenik obave\u0161ten tek 2024. godine, \u0161to je zna\u010dajno nakon datuma incidenta. Precizan datum iz dopisa nije naveden, ali vremenski jaz izme\u0111u poplave (avgust 2023) i izja\u0161njenja Povereniku dodatno ukazuje na to da Poverenik nije bio pravovremeno obave\u0161ten.<\/li>\n\n\n\n<li><strong>Kontekst obave\u0161tenja<\/strong>: Jasno je da informacija o poplavi nije dostavljena kao deo redovnog postupka obave\u0161tavanja nadle\u017enih institucija neposredno nakon incidenta. Umesto toga, Zavod je izneo ove informacije tek kao deo izja\u0161njenja na \u017ealbu Pokreta Meri podnetu Povereniku, \u0161to se mo\u017ee videti iz povezanosti predmeta.<\/li>\n\n\n\n<li><strong>Prikazivanje informacija u drugom svetlu<\/strong>: Zavod koristi priliku da prika\u017ee situaciju kao da je Poverenik bio obave\u0161ten o incidentu, dok je u stvarnosti re\u010d o odgovoru na \u017ealbu, \u0161to se jasno vidi iz dopisa.<\/li>\n<\/ol>\n\n\n\n<p><strong>Zaklju\u010dak i zna\u010daj<\/strong><\/p>\n\n\n\n<p>Ova situacija ukazuje na ozbiljan proceduralni propust Zavoda, jer je zakonska obaveza da se Poverenik o uni\u0161tenju arhivske gra\u0111e obavesti odmah nakon incidenta. Da li ka\u0161njenje u prijavi i kontekst obave\u0161tenja ukazuju na mogu\u0107e nesporazume ili poku\u0161aj manipulacije informacijama? Ovakve okolnosti ne samo da naru\u0161avaju kredibilitet Zavoda, ve\u0107 i dodatno ote\u017eavaju proces utvr\u0111ivanja odgovornosti za incident i uni\u0161tenje arhivske gra\u0111e<\/p>\n\n\n\n<ul class=\"wp-block-list\">\n<li>Za\u0161to Zavod tvrdi da je incident prijavljen, dok nadle\u017ene institucije to negiraju?<\/li>\n<\/ul>\n\n\n\n<p>Me\u0111utim, kontradiktornost u izjavama dodatno komplikuje slu\u010daj. Nepostojanje formalne prijave incidenta prema Arhivu Srbije, Istorijskom arhivu Beograda i Povereniku za informacije od javnog zna\u010daja predstavlja ne samo proceduralni propust ve\u0107 i ozbiljno ugro\u017eavanje integriteta Zavoda. Ovakva situacija dodatno ja\u010da sumnje u verodostojnost tvrdnji Zavoda i ukazuje na potrebu za detaljnom istragom.<\/p>\n\n\n\n<p><strong>Dublje sumnje u obja\u0161njenja o uzroku incidenta<\/strong><\/p>\n\n\n\n<p>S obzirom na do sada poznate okolnosti i vremenski sled doga\u0111aja, postoji opravdana sumnja da obilne padavine mo\u017eda nisu bile jedini uzrok uni\u0161tenja arhivske gra\u0111e. Ova kontradikcija izme\u0111u tvrdnji Zavoda i odgovora nadle\u017enih institucija ne samo da podriva kredibilitet Zavoda, ve\u0107 otvara pitanje o tome da li se ovakvim izjavama poku\u0161ava prikriti stvarni obim \u0161tete ili neadekvatno postupanje nakon incidenta.<\/p>\n\n\n\n<p>Ako su nadle\u017ene institucije zaista bile obave\u0161tene, postavlja se pitanje za\u0161to one negiraju prijem bilo kakve prijave. S druge strane, ako prijava nije postojala, za\u0161to Zavod tvrdi suprotno? Ovakve kontradikcije, u kombinaciji s navodima o proki\u0161njavanju kao uzroku incidenta, ukazuju na potrebu za dodatnom proverom svih dostupnih informacija.<\/p>\n\n\n\n<p>Ovi sukobljeni iskazi i proceduralni propusti ukazuju na \u0161iri problem u upravljanju kriznim situacijama u Zavodu za urgentnu medicinu. Potrebna je hitna i sveobuhvatna istraga kako bi se razjasnile stvarne okolnosti incidenta, uspostavila odgovornost i spre\u010dile sli\u010dne situacije u budu\u0107nosti. Bez jasno\u0107e i transparentnosti u postupanju, sumnje u verodostojnost zvani\u010dnih obja\u0161njenja samo \u0107e se produbljivati.<\/p>\n\n\n\n<p><strong>Odgovori Ministarstva zdravlja \u2013 bez konkretnih dokaza o prijavi \u0161tete<\/strong><\/p>\n\n\n\n<p>U svojoj \u017eelji da razjasni okolnosti incidenta, Pokret Meri je Ministarstvu zdravlja podneo zahtev za pristup informacijama od javnog zna\u010daja. O\u010dekivanja da \u0107e Ministarstvo pru\u017eiti jasne i precizne odgovore o postupanju Zavoda nai\u0161la su na suprotnu stvarnost \u2013 odgovori su otvorili nova pitanja i dodatno zakomplikovali situaciju.<\/p>\n\n\n\n<figure class=\"wp-block-gallery has-nested-images columns-default is-cropped wp-block-gallery-2 is-layout-flex wp-block-gallery-is-layout-flex\">\n<figure class=\"wp-block-image aligncenter size-large\"><img loading=\"lazy\" decoding=\"async\" width=\"778\" height=\"816\" data-id=\"2135\" src=\"https:\/\/pokretmeri.org.rs\/home\/wp-content\/uploads\/2025\/01\/Odgovor-ms-pokretu.png\" alt=\"\" class=\"wp-image-2135\" srcset=\"https:\/\/pokretmeri.org.rs\/home\/wp-content\/uploads\/2025\/01\/Odgovor-ms-pokretu.png 778w, https:\/\/pokretmeri.org.rs\/home\/wp-content\/uploads\/2025\/01\/Odgovor-ms-pokretu-286x300.png 286w, https:\/\/pokretmeri.org.rs\/home\/wp-content\/uploads\/2025\/01\/Odgovor-ms-pokretu-768x806.png 768w\" sizes=\"(max-width: 778px) 100vw, 778px\" \/><\/figure>\n<\/figure>\n\n\n\n<p>Ministarstvo zdravlja je navelo da prethodni saziv Vlade nije ostavio na raspolaganje dokumentaciju koja bi pru\u017eila potpuni uvid u postupke Zavoda u vezi sa poplavom. Ovo priznanje ne samo da ukazuje na ozbiljne propuste u prenosu nadle\u017enosti izme\u0111u administracija, ve\u0107 i na nedostatak adekvatnih mehanizama za arhiviranje i o\u010duvanje klju\u010dnih podataka. Takvi propusti u dr\u017eavnim institucijama dovode do uru\u0161avanja poverenja javnosti i podrivaju pravnu sigurnost.<\/p>\n\n\n\n<p>Posebno zabrinjava \u010dinjenica da Ministarstvo zdravlja u svom odgovoru ne negira samo nedostatak dokumentacije iz prethodnog saziva ve\u0107 ni ne potvr\u0111uje sprovo\u0111enje bilo kakve detaljne analize ili istrage nakon incidenta. Time se otvara pitanje da li je postojala stvarna volja da se okolnosti incidenta istra\u017ee ili se situacija prepustila zaboravu pod okriljem administrativnih promena.<\/p>\n\n\n\n<p><strong>\u0160iri kontekst odgovornosti i pitanja upravljanja<\/strong><\/p>\n\n\n\n<p>Odsustvo jasnih odgovora i dokumentacije ukazuje na \u0161iri problem neodgovornosti i fragmentacije u upravljanju dr\u017eavnim institucijama. Iako Zavod za urgentnu medicinu tvrdi da je incident prijavio svim relevantnim institucijama, odgovori koje su Pokretu Meri dostavili Arhiv Srbije, Poverenik za informacije od javnog zna\u010daja i Istorijski arhiv Beograda jasno negiraju da su primili bilo kakvu prijavu. Time se otvara prostor za slede\u0107a pitanja:<\/p>\n\n\n\n<ol start=\"1\" class=\"wp-block-list\">\n<li><strong>Za\u0161to Ministarstvo zdravlja nije preduzelo korake za pribavljanje dokumentacije iz prethodnog mandata?<\/strong> Bez obzira na promene u vlasti, institucije imaju zakonsku obavezu da osiguraju kontinuitet u radu i dostupnost klju\u010dnih informacija.<\/li>\n\n\n\n<li><strong>Kako je mogu\u0107e da institucija od vitalnog zna\u010daja poput Zavoda ne arhivira dokumentaciju na na\u010din koji omogu\u0107ava njeno o\u010duvanje i pra\u0107enje?<\/strong><\/li>\n\n\n\n<li><strong>Da li je nedostatak podataka rezultat administrativnog nemara ili namernog prikrivanja nepravilnosti?<\/strong><\/li>\n<\/ol>\n\n\n\n<p>Odgovor Ministarstva zdravlja ne samo da nije razjasnio sporni incident, ve\u0107 je dodatno zakomplikovao razumevanje svih njegovih okolnosti. Nepostojanje jasnih procedura za prenos dokumentacije izme\u0111u administracija, kao i neslaganja izme\u0111u Zavoda i institucija, ukazuju na potrebu za sveobuhvatnom reformom sistema arhiviranja i upravljanja u dr\u017eavnim slu\u017ebama.<\/p>\n\n\n\n<p>Ovaj slu\u010daj jasno pokazuje koliko je va\u017eno insistirati na odgovornosti i transparentnosti. Svaka kontradikcija i proceduralni propust podriva poverenje u sistem i otvara prostor za spekulacije o potencijalnim zloupotrebama. Bez obzira na to da li su obilne padavine zaista dovele do uni\u0161tenja arhivske gra\u0111e ili je re\u010d o prikrivanju dubljih problema, javnost zaslu\u017euje istinu, a institucije moraju preuzeti odgovornost za sprovo\u0111enje adekvatne istrage.<\/p>\n\n\n\n<p><strong>Kontinuitet uplata pazara uprkos prijavljenoj \u0161teti<\/strong><\/p>\n\n\n\n<p>Prema dostupnim dokumentima, Zavod je izvr\u0161io okvirnu procenu \u0161tete na 3.000.000 dinara i naveo da je do proki\u0161njavanja do\u0161lo u 10 kancelarija, hodnicima i restoranu Zavoda.<\/p>\n\n\n\n<figure class=\"wp-block-image aligncenter size-full\"><img loading=\"lazy\" decoding=\"async\" width=\"677\" height=\"672\" src=\"https:\/\/pokretmeri.org.rs\/home\/wp-content\/uploads\/2025\/01\/Odgovor-ministarstvu.png\" alt=\"\" class=\"wp-image-2137\" srcset=\"https:\/\/pokretmeri.org.rs\/home\/wp-content\/uploads\/2025\/01\/Odgovor-ministarstvu.png 677w, https:\/\/pokretmeri.org.rs\/home\/wp-content\/uploads\/2025\/01\/Odgovor-ministarstvu-300x298.png 300w, https:\/\/pokretmeri.org.rs\/home\/wp-content\/uploads\/2025\/01\/Odgovor-ministarstvu-150x150.png 150w, https:\/\/pokretmeri.org.rs\/home\/wp-content\/uploads\/2025\/01\/Odgovor-ministarstvu-100x100.png 100w\" sizes=\"(max-width: 677px) 100vw, 677px\" \/><\/figure>\n\n\n\n<p>Jedan od klju\u010dnih elemenata koji dodatno komplikuje razumevanje situacije u Zavodu za urgentnu medicinu Beograd jesu podaci o dnevnim uplatama pazara za restoran. Analizom ovih podataka uo\u010dava se da su uplate pazara obavljane svakodnevno, uklju\u010duju\u0107i i dane neposredno nakon poplave koja je, prema zvani\u010dnim informacijama, zahvatila i restoran Zavoda.<\/p>\n\n\n\n<p>Naro\u010dito je indikativno da su uplate pazara zabele\u017eene 7, 8, 9. i 10. avgusta 2023. godine, \u0161to postavlja pitanje kako su prostorije restorana, koje su navodno bile poplavljene, nastavile da funkcioni\u0161u.<\/p>\n\n\n\n<p>Prema podacima:<\/p>\n\n\n\n<ul class=\"wp-block-list\">\n<li>Visine uplata nakon poplave (7. avgust \u2013 16. avgust) nisu pokazale zna\u010dajan pad u odnosu na prethodne dane.<\/li>\n\n\n\n<li>Ovo ukazuje na to da restoran ili nije pretrpeo obimna o\u0161te\u0107enja kako je tvrdio Zavod, ili je odmah po navodnoj poplavi nastavio rad bez evidentne obustave.<\/li>\n<\/ul>\n\n\n\n<figure class=\"wp-block-gallery has-nested-images columns-default is-cropped wp-block-gallery-3 is-layout-flex wp-block-gallery-is-layout-flex\">\n<figure class=\"wp-block-image aligncenter size-large\"><img loading=\"lazy\" decoding=\"async\" width=\"1024\" height=\"893\" data-id=\"2141\" src=\"https:\/\/pokretmeri.org.rs\/home\/wp-content\/uploads\/2025\/01\/uplata-pazara2-1024x893.png\" alt=\"\" class=\"wp-image-2141\" srcset=\"https:\/\/pokretmeri.org.rs\/home\/wp-content\/uploads\/2025\/01\/uplata-pazara2-1024x893.png 1024w, https:\/\/pokretmeri.org.rs\/home\/wp-content\/uploads\/2025\/01\/uplata-pazara2-300x262.png 300w, https:\/\/pokretmeri.org.rs\/home\/wp-content\/uploads\/2025\/01\/uplata-pazara2-768x670.png 768w, https:\/\/pokretmeri.org.rs\/home\/wp-content\/uploads\/2025\/01\/uplata-pazara2.png 1158w\" sizes=\"(max-width: 1024px) 100vw, 1024px\" \/><\/figure>\n<\/figure>\n\n\n\n<p><strong>Klju\u010dna pitanja<\/strong><\/p>\n\n\n\n<ol start=\"1\" class=\"wp-block-list\">\n<li><strong>Kako je restoran Zavoda mogao nastaviti rad ukoliko su prostorije bile poplavljene i zahtevale sanaciju?<\/strong>\n<ul class=\"wp-block-list\">\n<li>Ovakva poplava bi, prema pravilima o bezbednosti hrane i higijenskim standardima, zahtevala privremenu obustavu rada dok se ne izvr\u0161i procena \u0161tete i sanacija.<\/li>\n<\/ul>\n<\/li>\n\n\n\n<li><strong>Za\u0161to uplate pazara nisu pokazale opadanje?<\/strong>\n<ul class=\"wp-block-list\">\n<li>Kontinuirani priliv sredstava sugeri\u0161e da rad restorana nije bio pogo\u0111en, ili da prijavljena \u0161teta nije bila toliko zna\u010dajna koliko se tvrdi.<\/li>\n<\/ul>\n<\/li>\n\n\n\n<li><strong>Gde su raspolo\u017eivi izve\u0161taji o sanitarnim uslovima?<\/strong>\n<ul class=\"wp-block-list\">\n<li>Da li postoje dokumenti Zavoda koji potvr\u0111uju sanaciju pogo\u0111enih prostorija i nastavak rada u skladu sa propisima?<\/li>\n<\/ul>\n<\/li>\n<\/ol>\n\n\n\n<p><strong>Uklju\u010divanje u \u0161iri kontekst analize<\/strong><\/p>\n\n\n\n<p>Ove kontradiktorne informacije dodatno podrivaju kredibilitet tvrdnji Zavoda o razmerama \u0161tete. Ako je poplava bila toliko ozbiljna da je uni\u0161tila arhivsku gra\u0111u i zahtevala obimne sanacione radove, za\u0161to nije uticala na operativni rad restorana i finansijske uplate?<\/p>\n\n\n\n<p>Ovo pitanje otvara sumnju u ta\u010dnost prijavljenih posledica poplave, ali i u transparentnost Zavoda u komunikaciji sa javno\u0161\u0107u i nadle\u017enim institucijama. Pored toga, izostanak elektri\u010dnih kvarova, privremene obustave rada restorana ili smanjenja uplata dodatno ukazuje na potrebu za nezavisnom proverom svih navoda i okolnosti vezanih za ovaj doga\u0111aj.<\/p>\n\n\n\n<p><strong>Analiza mogu\u0107ih o\u0161te\u0107enja nastalih usled poplave u Zavodu za urgentnu medicinu Beograd<\/strong><\/p>\n\n\n\n<p>U slu\u010daju poplave koja je, prema zvani\u010dnim informacijama, zahvatila deset kancelarija, hodnike i restoran Zavoda za urgentnu medicinu Beograd, o\u010dekuje se \u0161irok spektar potencijalnih o\u0161te\u0107enja. Ovakva situacija zahteva detaljnu procenu \u0161tete i analizu okolnosti koje su dovele do incidenta, posebno u kontekstu tvrdnji o uni\u0161tenju arhivske gra\u0111e koja pokriva deceniju rada Zavoda.<\/p>\n\n\n\n<p><strong>1. Strukturalna i materijalna o\u0161te\u0107enja<\/strong><\/p>\n\n\n\n<p>Poplave ovog obima mogu izazvati zna\u010dajna o\u0161te\u0107enja krova, plafona, zidova i podova:<\/p>\n\n\n\n<ul class=\"wp-block-list\">\n<li><strong>Krov i plafon:<\/strong> Velike koli\u010dine vode usled o\u0161te\u0107enog krova mogu dovesti do proki\u0161njavanja, uru\u0161avanja plafona ili deformacija konstrukcije, \u0161to je \u010desta posledica dugotrajne izlo\u017eenosti vlagi.<\/li>\n\n\n\n<li><strong>Zidovi:<\/strong> Zidne povr\u0161ine izlo\u017eene vodi mogu biti trajno o\u0161te\u0107ene \u2013 pucanje, lju\u0161tenje boje i pojava bu\u0111i su o\u010dekivani.<\/li>\n\n\n\n<li><strong>Podovi:<\/strong> Ako su u prostorijama kori\u0161\u0107eni drveni ili laminatni podovi, poplava mo\u017ee izazvati nabubrenje i trajnu deformaciju, dok \u0107e tepisi ili vinilni podovi postati neupotrebljivi.<\/li>\n<\/ul>\n\n\n\n<p><strong>2. Uticaj na elektri\u010dne sisteme<\/strong><\/p>\n\n\n\n<p>Voda koja prodire u zidne \u0161upljine i instalacione kanale mo\u017ee ozbiljno ugroziti elektri\u010dne sisteme:<\/p>\n\n\n\n<ul class=\"wp-block-list\">\n<li><strong>Kratki spojevi i kvarovi:<\/strong> Kontakt vode s elektri\u010dnim instalacijama pove\u0107ava rizik od kvarova, a u najgorem slu\u010daju mo\u017ee dovesti i do po\u017eara.<\/li>\n\n\n\n<li><strong>O\u0161te\u0107enja ure\u0111aja:<\/strong> Elektronska oprema, uklju\u010duju\u0107i ra\u010dunare, \u0161tampa\u010de i telefonske sisteme, postaje neupotrebljiva nakon izlo\u017eenosti vodi.<\/li>\n<\/ul>\n\n\n\n<p><strong>3. Uni\u0161tenje kancelarijskog name\u0161taja i arhivske gra\u0111e<\/strong><\/p>\n\n\n\n<ul class=\"wp-block-list\">\n<li><strong>Dokumentacija:<\/strong> Papirna dokumentacija, poput uni\u0161tene arhivske gra\u0111e Zavoda, ne trpi direktan kontakt s vodom, \u0161to je posebno zabrinjavaju\u0107e kada govorimo o klju\u010dnim dokumentima za rad i pravnu stabilnost ustanove.<\/li>\n\n\n\n<li><strong>Name\u0161taj:<\/strong> Stolovi, stolice i ormari od materijala osetljivih na vlagu postaju trajno o\u0161te\u0107eni.<\/li>\n<\/ul>\n\n\n\n<p><strong>4. Operativne posledice<\/strong><\/p>\n\n\n\n<p>Poplave ovakvog obima ne remete samo radne prostore, ve\u0107 i funkcionalnost celokupnog objekta:<\/p>\n\n\n\n<ul class=\"wp-block-list\">\n<li><strong>Restoran i hodnici:<\/strong> Kontaminacija vode u zajedni\u010dkim prostorima, poput restorana, stvara dodatne sanitarne rizike.<\/li>\n\n\n\n<li><strong>Klima i grejanje:<\/strong> Prodiranje vode u ventilacione i grejne sisteme mo\u017ee zna\u010dajno ote\u017eati dalji rad objekta.<\/li>\n<\/ul>\n\n\n\n<p><strong>Sumnje u vremenski sled doga\u0111aja i izostanak o\u010dekivanih kvarova<\/strong><\/p>\n\n\n\n<p>Iako je navedeno da su obilne padavine i olujni vetrovi glavni uzroci proki\u0161njavanja, ostaje otvoreno pitanje kako je poplava, koja je navodno prouzrokovala ovako veliku \u0161tetu, ostala neprime\u0107ena sve do jutarnjih sati 7. avgusta. Imaju\u0107i u vidu da Zavod radi 24 sata, poseduje video-nadzor i ima svoje obezbe\u0111enje, postavlja se pitanje kako niko nije uo\u010dio ulazak vode u objekte tokom vikenda.<\/p>\n\n\n\n<p>Osim toga, ozbiljna proki\u0161njavanja i poplave ovog obima \u010desto dovode do zna\u010dajnih kvarova u elektri\u010dnim sistemima. Kontakt vode sa strujnim instalacijama mo\u017ee izazvati:<\/p>\n\n\n\n<ul class=\"wp-block-list\">\n<li><strong>Kratke spojeve<\/strong> koji bi izazvali trenutni prekid elektri\u010dne energije.<\/li>\n\n\n\n<li><strong>Neposredni rizik od po\u017eara<\/strong>, \u0161to bi posebno bilo opasno u no\u0107nim satima kada je osoblje minimalno.<\/li>\n\n\n\n<li><strong>Kvarove na elektronskoj opremi<\/strong>, uklju\u010duju\u0107i ra\u010dunare, servere i druge ure\u0111aje, \u0161to bi dodatno ote\u017ealo rad u Zavodu.<\/li>\n<\/ul>\n\n\n\n<p>Logi\u010dno je o\u010dekivati da bi ovakvi kvarovi privukli pa\u017enju de\u017eurnog osoblja ili obezbe\u0111enja koje, prema standardnim procedurama, ima zadatak da prati stanje objekta, posebno u vanrednim situacijama. Me\u0111utim, u ovom slu\u010daju nije zabele\u017een nijedan signalni kvar, niti je do\u0161lo do prekida u funkcionisanju elektri\u010dnih instalacija, \u0161to dodatno produbljuje sumnje u zvani\u010dnu verziju doga\u0111aja.<\/p>\n\n\n\n<p>Ovakav propust u reagovanju, kao i odsustvo tehni\u010dkih kvarova karakteristi\u010dnih za poplave ovog obima, zahteva detaljno razja\u0161njenje. Da li je proki\u0161njavanje zaista moglo izazvati uni\u0161tenje dokumentacije, a da pri tome ne ostavi tragove u drugim aspektima infrastrukture, predstavlja klju\u010dno pitanje koje treba istra\u017eiti.<\/p>\n\n\n\n<p><strong>Analiza vremenskih prilika 5. i 6. avgusta 2023. godine<\/strong><\/p>\n\n\n\n<p>U poku\u0161aju da procenimo da li su vremenski uslovi zaista mogli biti uzrok poplave koja je izazvala uni\u0161tenje preko 1.000 jedinica arhivske gra\u0111e u Zavodu za urgentnu medicinu Beograd, detaljno smo analizirali izve\u0161taje Republi\u010dkog hidrometeorolo\u0161kog zavoda (RHMZ) za navedene datume.<\/p>\n\n\n\n<p>Prema dostupnim podacima, u periodu od 5. do 6. avgusta 2023. godine zabele\u017eene su obilne padavine na teritoriji Beograda, pra\u0107ene jakim vetrom i povremenim grmljavinama. Koli\u010dina padavina prema zvani\u010dnim merenjima na glavnim meteorolo\u0161kim stanicama iznosila je u proseku 39mm padavina za 24 sata.<\/p>\n\n\n\n<figure class=\"wp-block-image aligncenter size-full\"><img loading=\"lazy\" decoding=\"async\" width=\"764\" height=\"899\" src=\"https:\/\/pokretmeri.org.rs\/home\/wp-content\/uploads\/2025\/01\/rhmz.jpg\" alt=\"\" class=\"wp-image-2142\" srcset=\"https:\/\/pokretmeri.org.rs\/home\/wp-content\/uploads\/2025\/01\/rhmz.jpg 764w, https:\/\/pokretmeri.org.rs\/home\/wp-content\/uploads\/2025\/01\/rhmz-255x300.jpg 255w\" sizes=\"(max-width: 764px) 100vw, 764px\" \/><\/figure>\n\n\n\n<div data-wp-interactive=\"core\/file\" class=\"wp-block-file aligncenter\"><object data-wp-bind--hidden=\"!state.hasPdfPreview\" hidden class=\"wp-block-file__embed\" data=\"https:\/\/pokretmeri.org.rs\/home\/wp-content\/uploads\/2025\/01\/Avgust.pdf\" type=\"application\/pdf\" style=\"width:100%;height:600px\" aria-label=\"Embed of Avgust.\"><\/object><a id=\"wp-block-file--media-ee46be89-1a4d-421d-af7d-e28352a33297\" href=\"https:\/\/pokretmeri.org.rs\/home\/wp-content\/uploads\/2025\/01\/Avgust.pdf\">Avgust<\/a><a href=\"https:\/\/pokretmeri.org.rs\/home\/wp-content\/uploads\/2025\/01\/Avgust.pdf\" class=\"wp-block-file__button wp-element-button\" download aria-describedby=\"wp-block-file--media-ee46be89-1a4d-421d-af7d-e28352a33297\">Download<\/a><\/div>\n\n\n\n<p>Ovi podaci ukazuju na to da je intenzitet padavina bio zna\u010dajan, ali ne i ekstreman, jer vrednosti ne prelaze pragove za progla\u0161avanje elementarne nepogode. Ukupan broj dana sa padavinama u Beogradu tokom avgusta bio je u okviru uobi\u010dajenih sezonskih vrednosti (5\u201312 dana). Dodatno, temperatura tokom tog perioda kretala se izme\u0111u 21\u00b0C i 26\u00b0C, \u0161to tako\u0111e ne ukazuje na neuobi\u010dajene vremenske uslove koji bi mogli izazvati katastrofalne posledice.<\/p>\n\n\n\n<p><strong>Nedoslednosti izme\u0111u izve\u0161taja o \u0161teti i vremenskih prilika<\/strong><\/p>\n\n\n\n<p>Iako Zavod za urgentnu medicinu u zvani\u010dnoj bele\u0161ci navodi da su obilne padavine dovele do poplave i uni\u0161tenja arhivske gra\u0111e, nekoliko pitanja ostaje bez jasnog odgovora:<\/p>\n\n\n\n<ol start=\"1\" class=\"wp-block-list\">\n<li><strong>Za\u0161to nije bilo prijavljenih elektri\u010dnih kvarova?<\/strong><br>S obzirom na obim \u0161tete i proki\u0161njavanje krova, o\u010dekivalo bi se da poplava izazove probleme sa elektri\u010dnom instalacijom u zgradi, kao \u0161to su kratki spojevi, kvarovi ure\u0111aja ili \u010dak rizik od po\u017eara. Me\u0111utim, ni u jednoj dokumentaciji ili izve\u0161taju nisu navedeni tehni\u010dki kvarovi ove prirode.<\/li>\n\n\n\n<li><strong>Kako je do\u0161lo do ovakvog nivoa o\u0161te\u0107enja bez vanrednih vremenskih okolnosti?<\/strong><br>Koli\u010dina padavina zabele\u017eena u Beogradu, iako zna\u010dajna, ne spada u kategoriju koja bi mogla izazvati ovakvu \u0161tetu na dobro odr\u017eavanoj infrastrukturi. Odsustvo dodatnih vremenskih nepogoda, poput tornada ili klizi\u0161ta, dodatno komplikuje tvrdnje o opsegu \u0161tete.<\/li>\n\n\n\n<li><strong>Za\u0161to incident nije prime\u0107en ranije?<\/strong><br>Imaju\u0107i u vidu da Zavod za urgentnu medicinu radi 24 sata i da zgrada poseduje video-nadzor, postavlja se pitanje kako se proki\u0161njavanje i poplava nisu primetili pre 7. avgusta ujutru, kada je \u0161teta ve\u0107 u\u010dinjena. Propust u reagovanju na ovako ozbiljan problem ukazuje na manjak procedura ili nadzora.<\/li>\n\n\n\n<li><strong>Kakve su posledice za rad restorana i drugih prostora?<\/strong><br>Prema zvani\u010dnim tvrdnjama, poplava je zahvatila 10 kancelarija, hodnike i restoran Zavoda. Me\u0111utim, podaci o dnevnim uplatama pazara iz uprave trezora pokazuju da restoran nije prekidao rad, \u0161to otvara dodatna pitanja o verodostojnosti prijavljenih \u0161teta i sanacije.<\/li>\n<\/ol>\n\n\n\n<p><strong>Dodatna pitanja o infrastrukturi i odr\u017eavanju<\/strong><br>Iako su vremenski uslovi u posmatranom periodu bili u granicama normale, otvara se va\u017eno pitanje stanja infrastrukture zgrade Zavoda. Ukoliko su padavine zaista izazvale ovako ozbiljnu \u0161tetu, postavlja se opravdana sumnja da su ve\u0107 postojali dugotrajni problemi sa odr\u017eavanjem zgrade. Naime:<\/p>\n\n\n\n<ul class=\"wp-block-list\">\n<li><strong>Krov, zidovi i sistem odvodnjavanja:<\/strong><br>Zapostavljena briga o klju\u010dnim delovima infrastrukture, poput krova, oluka i odvodnih sistema, mogla je zna\u010dajno doprineti ulasku vode u prostorije. \u010cak i prose\u010dne koli\u010dine padavina mogu prouzrokovati ozbiljnu \u0161tetu u slu\u010daju zapu\u0161tenih ili neodr\u017eavanih objekata.<\/li>\n\n\n\n<li><strong>Kapacitet sistema odvodnjavanja:<\/strong><br>Zapu\u0161eni ili nedovoljno kapacitivni odvodi mogli su izazvati prelivanje vode i njeno prodiranje u unutra\u0161njost zgrade, \u0161to ukazuje na potencijalne propuste u redovnom odr\u017eavanju.<\/li>\n<\/ul>\n\n\n\n<p>Ovi problemi ukazuju na \u0161iri kontekst odgovornosti za odr\u017eavanje zgrade. Ako je infrastruktura zaista bila u stanju koje nije odgovaralo funkcionalnim potrebama Zavoda, postavlja se pitanje:<\/p>\n\n\n\n<ul class=\"wp-block-list\">\n<li><strong>Ko je bio zadu\u017een za odr\u017eavanje zgrade i sistemsku proveru njene infrastrukture?<\/strong><\/li>\n\n\n\n<li><strong>Da li su sprovo\u0111ene redovne kontrole i sanacije koje bi spre\u010dile ovakvu situaciju?<\/strong><\/li>\n\n\n\n<li><strong>Za\u0161to potencijalni problemi u odr\u017eavanju nisu prepoznati i re\u0161eni na vreme, s obzirom na va\u017enost arhivske gra\u0111e i funkcionalnost Zavoda?<\/strong><\/li>\n<\/ul>\n\n\n\n<p><strong>Zaklju\u010dak o vremenskim okolnostima<\/strong><\/p>\n\n\n\n<p>Na osnovu dostupnih meteorolo\u0161kih podataka, postavlja se ozbiljna sumnja da vremenske prilike 5. i 6. avgusta 2023. godine nisu bile primarni uzrok uni\u0161tenja arhivske gra\u0111e. Koli\u010dina padavina i intenzitet vremenskih nepogoda bili su daleko od ekstremnih vrednosti koje bi opravdale razmere \u0161tete opisane u izve\u0161tajima Zavoda.<\/p>\n\n\n\n<p>Izostanak prijavljenih elektri\u010dnih kvarova, privremene obustave rada restorana ili jasne sanacije o\u0161te\u0107enja dodatno podriva zvani\u010dne tvrdnje i upu\u0107uje na potencijalne nepravilnosti u odr\u017eavanju objekta ili prikrivanju stvarnih uzroka incidenta. Odsustvo jasnih odgovora od strane Zavoda i nadle\u017enih institucija zahteva dalje istra\u017eivanje kako bi se razjasnile sve okolnosti ovog doga\u0111aja.<\/p>\n\n\n\n<p><strong>Zaklju\u010dak i najava nastavka<\/strong><\/p>\n\n\n\n<p>Dosada\u0161nja analiza ukazala je na zna\u010dajna neslaganja izme\u0111u vremenskih okolnosti, prijavljene \u0161tete i o\u010duvanog funkcionisanja objekta. Odsustvo tehni\u010dkih kvarova, nastavak rada restorana i kontradiktorni podaci o razmerama \u0161tete dodatno produbljuju sumnje u verodostojnost zvani\u010dnih tvrdnji.<\/p>\n\n\n\n<p>Kako bismo osvetlili \u0161iri kontekst ovog incidenta, slede\u0107i deo analize bavi\u0107e se preostalom doumentacijom i saznanja do kojih je Pokret Meri do\u0161ao. Poseban osvrt napravi\u0107emo prema prijavi i isplati \u0161tete od osiguravaju\u0107e ku\u0107e, kao i ugovoru sa preduzetnikom koji je vr\u0161io sanaciju krova za iznos od 999.000 dinara, a koji je na ivici zakonske obaveze za raspisivanje javne nabavke Tako\u0111e, postavi\u0107emo niz ozbiljnih pitanja nadle\u017enim institucijama, kako bismo dobili odgovore na klju\u010dna pitanja o ovom incidentu i obezbedili transparentnost u utvr\u0111ivanju svih okolnosti.<\/p>\n\n\n\n<p>U nastavku pro\u010ditajte <a href=\"https:\/\/pokretmeri.org.rs\/home\/2025\/02\/03\/gde-se-zavrsava-poplava-a-pocinju-sumnje\/\" target=\"_blank\" rel=\"noopener\" title=\"\">&#8220;gde se zavr\u0161ava poplava, a po\u010dinju sumnje&#8221;<\/a><\/p>\n\n\n\n<p><\/p>\n","protected":false},"excerpt":{"rendered":"<p>U prvom delu na\u0161e analize osvrnuli smo se na doga\u0111aje koji su usledili nakon poplave u Zavodu za urgentnu medicinu Beograd, do koje je do\u0161lo 7. avgusta 2023. godine. Prema zvani\u010dnim informacijama, poplava je izazvala zna\u010dajnu \u0161tetu, uklju\u010duju\u0107i uni\u0161tenje preko 1.000 jedinica arhivske gra\u0111e, \u0161to ima potencijalne posledice na pravnu stabilnost Zavoda, posebno u pogledu [&hellip;]<\/p>\n","protected":false},"author":1,"featured_media":2149,"comment_status":"open","ping_status":"open","sticky":false,"template":"","format":"standard","meta":{"_eb_attr":"","_monsterinsights_skip_tracking":false,"_monsterinsights_sitenote_active":false,"_monsterinsights_sitenote_note":"","_monsterinsights_sitenote_category":0,"site-sidebar-layout":"default","site-content-layout":"","ast-site-content-layout":"default","site-content-style":"default","site-sidebar-style":"default","ast-global-header-display":"","ast-banner-title-visibility":"","ast-main-header-display":"","ast-hfb-above-header-display":"","ast-hfb-below-header-display":"","ast-hfb-mobile-header-display":"","site-post-title":"","ast-breadcrumbs-content":"","ast-featured-img":"","footer-sml-layout":"","theme-transparent-header-meta":"","adv-header-id-meta":"","stick-header-meta":"","header-above-stick-meta":"","header-main-stick-meta":"","header-below-stick-meta":"","astra-migrate-meta-layouts":"set","ast-page-background-enabled":"default","ast-page-background-meta":{"desktop":{"background-color":"var(--ast-global-color-4)","background-image":"","background-repeat":"repeat","background-position":"center center","background-size":"auto","background-attachment":"scroll","background-type":"","background-media":"","overlay-type":"","overlay-color":"","overlay-opacity":"","overlay-gradient":""},"tablet":{"background-color":"","background-image":"","background-repeat":"repeat","background-position":"center center","background-size":"auto","background-attachment":"scroll","background-type":"","background-media":"","overlay-type":"","overlay-color":"","overlay-opacity":"","overlay-gradient":""},"mobile":{"background-color":"","background-image":"","background-repeat":"repeat","background-position":"center center","background-size":"auto","background-attachment":"scroll","background-type":"","background-media":"","overlay-type":"","overlay-color":"","overlay-opacity":"","overlay-gradient":""}},"ast-content-background-meta":{"desktop":{"background-color":"var(--ast-global-color-5)","background-image":"","background-repeat":"repeat","background-position":"center center","background-size":"auto","background-attachment":"scroll","background-type":"","background-media":"","overlay-type":"","overlay-color":"","overlay-opacity":"","overlay-gradient":""},"tablet":{"background-color":"var(--ast-global-color-5)","background-image":"","background-repeat":"repeat","background-position":"center center","background-size":"auto","background-attachment":"scroll","background-type":"","background-media":"","overlay-type":"","overlay-color":"","overlay-opacity":"","overlay-gradient":""},"mobile":{"background-color":"var(--ast-global-color-5)","background-image":"","background-repeat":"repeat","background-position":"center center","background-size":"auto","background-attachment":"scroll","background-type":"","background-media":"","overlay-type":"","overlay-color":"","overlay-opacity":"","overlay-gradient":""}},"footnotes":""},"categories":[8],"tags":[],"class_list":["post-2129","post","type-post","status-publish","format-standard","has-post-thumbnail","hentry","category-blog"],"aioseo_notices":[],"_links":{"self":[{"href":"https:\/\/pokretmeri.org.rs\/home\/wp-json\/wp\/v2\/posts\/2129","targetHints":{"allow":["GET"]}}],"collection":[{"href":"https:\/\/pokretmeri.org.rs\/home\/wp-json\/wp\/v2\/posts"}],"about":[{"href":"https:\/\/pokretmeri.org.rs\/home\/wp-json\/wp\/v2\/types\/post"}],"author":[{"embeddable":true,"href":"https:\/\/pokretmeri.org.rs\/home\/wp-json\/wp\/v2\/users\/1"}],"replies":[{"embeddable":true,"href":"https:\/\/pokretmeri.org.rs\/home\/wp-json\/wp\/v2\/comments?post=2129"}],"version-history":[{"count":14,"href":"https:\/\/pokretmeri.org.rs\/home\/wp-json\/wp\/v2\/posts\/2129\/revisions"}],"predecessor-version":[{"id":3108,"href":"https:\/\/pokretmeri.org.rs\/home\/wp-json\/wp\/v2\/posts\/2129\/revisions\/3108"}],"wp:featuredmedia":[{"embeddable":true,"href":"https:\/\/pokretmeri.org.rs\/home\/wp-json\/wp\/v2\/media\/2149"}],"wp:attachment":[{"href":"https:\/\/pokretmeri.org.rs\/home\/wp-json\/wp\/v2\/media?parent=2129"}],"wp:term":[{"taxonomy":"category","embeddable":true,"href":"https:\/\/pokretmeri.org.rs\/home\/wp-json\/wp\/v2\/categories?post=2129"},{"taxonomy":"post_tag","embeddable":true,"href":"https:\/\/pokretmeri.org.rs\/home\/wp-json\/wp\/v2\/tags?post=2129"}],"curies":[{"name":"wp","href":"https:\/\/api.w.org\/{rel}","templated":true}]}}