{"id":2726,"date":"2025-05-02T23:53:04","date_gmt":"2025-05-02T21:53:04","guid":{"rendered":"https:\/\/pokretmeri.org.rs\/home\/?p=2726"},"modified":"2025-05-03T18:08:10","modified_gmt":"2025-05-03T16:08:10","slug":"ministarstvo-bez-odgovora-porodica-bez-deteta","status":"publish","type":"post","link":"https:\/\/pokretmeri.org.rs\/home\/2025\/05\/02\/ministarstvo-bez-odgovora-porodica-bez-deteta\/","title":{"rendered":"Ministarstvo bez odgovora, porodica bez deteta."},"content":{"rendered":"\n<p>Imala je samo devet godina. Sanjala je snove, one koje sanjaju sva deca, i\u0161\u010dekuju\u0107i Deda Mraza koji je trebao da do\u0111e za dva dana.<\/p>\n\n\n\n<p>Nije stigla da napi\u0161e svoje prve stihove, iako je \u010desto govorila da \u0107e jednog dana postati pesnikinja. Nije stigla da nau\u010di tablicu deljenja do kraja, ali je znala kako da podeli osmeh svima oko sebe. Njeni crte\u017ei su visili po zidovima ku\u0107e \u2013 \u0161areni svetovi u kojima je uvek bilo mesta za zmajeve, jednoroge i dobro srce.<\/p>\n\n\n\n<p>Bila je jedno od one dece koja vas pogledom nateraju da se zapitate kako je mogu\u0107e da toliko ne\u017enosti i mudrosti stane u tako malo bi\u0107e. Volela je da pita \u201eza\u0161to?\u201c \u2013 ne iz tvrdoglavosti, ve\u0107 iz istinske \u017ee\u0111i za razumevanjem sveta. Imala je planove \u2013 da nau\u010di da svira gitaru, da napi\u0161e knjigu, da nau\u010di kako se kuva \u201eonaj kola\u010d sa jagodama\u201c.<\/p>\n\n\n\n<p>Ali najvi\u0161e od svega, imala je \u017eivot pred sobom. Jedan veliki, neotvoreni poklon.<\/p>\n\n\n\n<p>Tih dana pisala je pismo Deda Mrazu. Bor je ve\u0107 bio oki\u0107en, na prozoru zalepljena pahulja od papira. Nije tra\u017eila mnogo \u2013 jednu knjigu i pli\u0161anog konji\u0107a. I jednu Novu godinu koju \u0107e do\u010dekati budna. Bila je sre\u0107na, uzbu\u0111ena, i verovala je \u2013 jer je jo\u0161 verovala u \u010duda.<\/p>\n\n\n\n<p>28. decebar 2024. Godine, dok su drugi planirali gde \u0107e do\u010dekati Novu godinu, ona je bila na maloj proslavi sa ujakom. Nisu imali mnogo, ali su imali jedno drugo \u2013 i dovoljno razloga za smeh. Slu\u0161ali su muziku, palili prskalice i pravili planove kako \u0107e u pono\u0107 baciti nov\u010di\u0107 za sre\u0107u.<\/p>\n\n\n\n<p>Pojela je ne\u0161to slatko, mo\u017eda i previ\u0161e, ali ko broji kad je kraj decembra. Ujak se se\u0107a kako je sve vreme pevu\u0161ila neku melodiju koju nije znao, kako je palila prskalice na terasi i poku\u0161avala da uhvati dim iz daha.<\/p>\n\n\n\n<p>Uve\u010de su zajedno gledali crtani film, a onda se uvukla pod \u0107ebe i \u0161apnula: \u201eSamo jo\u0161 jednu pri\u010du, pa idem da spavam.\u201c Smejala se, umorna od dana punog igre i svetlucavih lampica. Onda je zaspala \u2014 mirno, sa blagim osmehom, dok su se svetla jelke presijavala po plafonu.<\/p>\n\n\n\n<p>Ni\u0161ta tog dana nije li\u010dilo na kraj. Sve je mirisalo na po\u010detak.<\/p>\n\n\n\n<p>Oko pet ujutru probudio ju je o\u0161tar bol u stomaku. Nije plakala, samo je tiho ustala i nesigurnim koracima oti\u0161la do kupatila. Ubrzo se za\u010dulo povra\u0107anje. Zvuk koji je ujak prvo pripisao pokvarenoj hrani ili vi\u0161ku slatki\u0161a, sve dok je nije video kako se vra\u0107a bleda, pogrbljena, dr\u017ee\u0107i se za zid.<\/p>\n\n\n\n<p>Na pola puta do kreveta \u2013 telo joj je jednostavno popustilo. Kao da je neko isklju\u010dio struju u njoj. Sklopila se na pod bez glasa. Prvo klecnu kolena, pa ramena. Onda ti\u0161ina.<\/p>\n\n\n\n<p>Ujak je dotr\u010dao, pozvao je imenom. Nije odgovarala. Disala je, ali slabije. O\u010di su joj bile napola otvorene, kao da je gubi i dok je jo\u0161 tu. Poku\u0161avao je da je podigne, da je vrati u krevet, da je o\u017eivi rukama koje su drhtale.<\/p>\n\n\n\n<p>\u201eHajde, hajde, du\u0161o, samo da legne\u0161\u2026 hajde\u2026\u201c<\/p>\n\n\n\n<p>Ali ona nije mogla. Glava joj je klonula na rame. I tada je krenula panika. Ruke su mu bile previ\u0161e spore, telefon daleko, svetlo suvi\u0161e slabo, vreme presporo. Sve je postalo tiho \u2013 ali ne ono tiho iz bajki, ve\u0107 ono tiho kad zna\u0161 da se ne\u0161to nepovratno menja.<\/p>\n\n\n\n<p>U tim trenucima, kada vam dete le\u017ei na podu, nemo\u0107no i bez snage da izgovori sopstveno ime, ne razmi\u0161ljate. Ne tra\u017eite krivca. Ne gledate na sat. Samo pozivate pomo\u0107.<\/p>\n\n\n\n<p>Ujak je zgrabio telefon. Prsti su mu drhtali dok je ukucavao 1-9-4. To je trebalo da bude broj spasa. Broj koji ne postavlja pitanja, ve\u0107 dolazi.<\/p>\n\n\n\n<p>Jer to je ono u \u0161ta svi verujemo \u2013 da negde postoji sistem. Da negde, iza linije, postoji neko obu\u010den, spreman, obavezan da pomogne. Da postoji dr\u017eava koja ne pita <em>da li treba<\/em>, nego dolazi <em>jer mora<\/em>.<\/p>\n\n\n\n<p>Ali nisu znali da sistem ne postoji.<\/p>\n\n\n\n<p>Lekarka je postavljala pitanja \u2014 ali ne da bi razumela stanje deteta, ve\u0107 da bi prona\u0161la razlog da ne po\u0161alje ekipu. Svako podpitanje delovalo je kao unapred pripremljen filter za odbijanje, a ne poku\u0161aj da se pomogne.<\/p>\n\n\n\n<p>\u201eIma li temperaturu?\u201c<br>\u201eDa li je jela?\u201c<br>\u201eKoliko je puta povra\u0107ala?\u201c<\/p>\n\n\n\n<p>Kada je \u010dula da dete le\u017ei na podu i ne mo\u017ee da ustane, da gotovo ne reaguje \u2014 nije to shvatila kao znak za hitnu intervenciju. Shvatila je to kao komplikaciju koja joj remeti rutinu. Umesto da uzme ozbiljno informaciju da dete \u201ene mo\u017ee da se pomeri\u201c, postavila je pitanje koje sve obja\u0161njava:<\/p>\n\n\n\n<p>\u201ePa \u010dime \u0107ete je prevesti? Taksi, kola\u2026 Kako mene to pitate?\u201c<\/p>\n\n\n\n<p>U tim re\u010dima nije bilo ni medicine, ni empatije. Samo odbrambeni zid birokratije. Umesto da tra\u017ei re\u0161enje, tra\u017eila je izgovor.<\/p>\n\n\n\n<p>Kao da ne pri\u010da sa o\u010dajnim \u010dovekom koji dr\u017ei nemo\u0107no dete na rukama. Kao da je uzrujan gra\u0111anin problem, a ne simptom sistema koji se raspao.<\/p>\n\n\n\n<p>I tada, ujak je pukao. Ne zato \u0161to je bio bezobziran \u2013 ve\u0107 zato \u0161to vi\u0161e nije znao kome da se obrati.<\/p>\n\n\n\n<p>\u201eZato \u0161to ste vi hitna pomo\u0107!\u201c \u2013 viknuo je. \u2013 \u201eZato \u0161to uzimate pare od ljudi koji pla\u0107aju j\u2026 porez ovoj j\u2026 dr\u017eavi! Da sam neki k\u2026 iz SNS-a, do\u0161li biste, bre! To je fora, jel da? Jel treba dete da umre na podu?! Treba dete na podu da umre?!\u201c<\/p>\n\n\n\n<p>To nije bila psovka. To je bio slom. Vapaj \u010doveka koji vi\u0161e ne moli, jer zna da nema kome.<\/p>\n\n\n\n<p>U tom trenutku nije vi\u0161e bio samo ujak. Bio je svaki gra\u0111anin koji je ikada zvao dr\u017eavu \u2013 i dobio \u0107utanje.<\/p>\n\n\n\n<p>Na vezi se odjednom javio mu\u0161ki glas \u2014 lekar, koji prema svemu sude\u0107i, nije imao nikakvu predstavu o tome \u0161ta se de\u0161ava na drugom kraju linije. Ujak, na ivici snage i razuma, ponovio je pitanje koje mu je od po\u010detka ostajalo bez odgovora:<\/p>\n\n\n\n<p>\u201eSamo mi recite \u010dime da je prevezem. Ne mogu da je pomerim. Dete le\u017ei. Ne mo\u017ee da stoji.\u201c<\/p>\n\n\n\n<p>Zastao je, kao da tra\u017ei vazduh koji vi\u0161e ne mo\u017ee da udahne. A onda je, slomljen, proklju\u010dao iz o\u010daja:<\/p>\n\n\n\n<p>\u201eRekao sam i va\u0161oj koleginici \u2013 da sam neki k\u2026 iz SNS-a, vi biste do\u0161li! Ovako \u2013 ko vas j\u2026! Po mrtvu majku niste hteli da mi do\u0111ete! Da sam neko iz stranke, iz neke funkcije \u2013 do\u0161li biste!\u201c<\/p>\n\n\n\n<p>A onda \u2014 odgovor.<\/p>\n\n\n\n<p>Jedna re\u010denica, izre\u010dena gotovo mehani\u010dki:<\/p>\n\n\n\n<p>\u201eGospodine\u2026 gospodine, vi ste k\u2026 i bez SNS-a. Prijatno.\u201c<\/p>\n\n\n\n<p><em>Klik.<\/em> Veza je prekinuta.<\/p>\n\n\n\n<figure class=\"wp-block-gallery has-nested-images columns-default is-cropped wp-block-gallery-1 is-layout-flex wp-block-gallery-is-layout-flex\">\n<figure class=\"wp-block-image size-large\"><img fetchpriority=\"high\" decoding=\"async\" width=\"719\" height=\"1024\" data-id=\"2728\" src=\"https:\/\/pokretmeri.org.rs\/home\/wp-content\/uploads\/2025\/05\/Transkript-1-anonimizirano-719x1024.jpg\" alt=\"\" class=\"wp-image-2728\" srcset=\"https:\/\/pokretmeri.org.rs\/home\/wp-content\/uploads\/2025\/05\/Transkript-1-anonimizirano-719x1024.jpg 719w, https:\/\/pokretmeri.org.rs\/home\/wp-content\/uploads\/2025\/05\/Transkript-1-anonimizirano-211x300.jpg 211w, https:\/\/pokretmeri.org.rs\/home\/wp-content\/uploads\/2025\/05\/Transkript-1-anonimizirano-768x1094.jpg 768w, https:\/\/pokretmeri.org.rs\/home\/wp-content\/uploads\/2025\/05\/Transkript-1-anonimizirano.jpg 968w\" sizes=\"(max-width: 719px) 100vw, 719px\" \/><\/figure>\n\n\n\n<figure class=\"wp-block-image size-large\"><img decoding=\"async\" width=\"725\" height=\"1024\" data-id=\"2727\" src=\"https:\/\/pokretmeri.org.rs\/home\/wp-content\/uploads\/2025\/05\/Transkript-2-725x1024.jpg\" alt=\"\" class=\"wp-image-2727\" srcset=\"https:\/\/pokretmeri.org.rs\/home\/wp-content\/uploads\/2025\/05\/Transkript-2-725x1024.jpg 725w, https:\/\/pokretmeri.org.rs\/home\/wp-content\/uploads\/2025\/05\/Transkript-2-213x300.jpg 213w, https:\/\/pokretmeri.org.rs\/home\/wp-content\/uploads\/2025\/05\/Transkript-2-768x1084.jpg 768w, https:\/\/pokretmeri.org.rs\/home\/wp-content\/uploads\/2025\/05\/Transkript-2.jpg 887w\" sizes=\"(max-width: 725px) 100vw, 725px\" \/><\/figure>\n<\/figure>\n\n\n\n<p>Mo\u017eda taj \u010dovek zaista nije znao. Mo\u017eda mu niko nije rekao da na podu le\u017ei devoj\u010dica koja vi\u0161e ne mo\u017ee da govori, da se kre\u0107e, da di\u0161e kako treba.<\/p>\n\n\n\n<p>Ali u tome je tragedija. U toj re\u010denici. U tom prekidu veze. U odsustvu svake osnovne ljudske reakcije.<\/p>\n\n\n\n<p>Tog jutra nije zakazao samo sistem. Zakazala je empatija. Zakazala je profesionalnost. Zakazala je odgovornost. Zakazalo je zdravstvo. Zakazala je dr\u017eava.<\/p>\n\n\n\n<p>Zakazalo je \u2014 sve.<\/p>\n\n\n\n<p>Telefon je pao iz ruke. Nije imao snage da ga podigne. Nije vi\u0161e ni znao koga bi pozvao.<\/p>\n\n\n\n<p>Bilo je pola \u0161est ujutru. Dete je le\u017ealo na patosu, jedva svesno. Glava joj je bila naslonjena na njegovu nadlakticu, disanje plitko, telo hladno.<\/p>\n\n\n\n<p>Oko njih \u2013 ti\u0161ina. Zidovi. Mrak koji je ve\u0107 polako gubio bitku sa sivilom zore. A u glavi \u2013 haos.<\/p>\n\n\n\n<p>Prebirao je imena. Ko bi mogao da do\u0111e? Ko ima kola? Ko ne spava u ovo doba? Da li da zove taksi? Da li taksista sme da primi dete koje ne mo\u017ee da sedi? Kome da se obrati kad je sistem spustio slu\u0161alicu?<\/p>\n\n\n\n<p>Bespomo\u0107nost tada nije bila re\u010d. Bila je prostorija. Bila je sve.<\/p>\n\n\n\n<p>Uspeli su, nekako, da je prebace. Do bolnice. Do lekara. Do sistema koji je trebalo da nastavi ono \u0161to hitna pomo\u0107 nije ni zapo\u010dela.<\/p>\n\n\n\n<p>Ali bilo je kasno.<\/p>\n\n\n\n<p>Devoj\u010dica je preminula istog dana, u popodnevnim satima. Dok su drugi kora\u010dali kroz prazni\u010dne gu\u017eve i planirali do\u010dek, jedna porodica je ostala bez svega. Bez smisla. Bez odgovora.<\/p>\n\n\n\n<p>I bez deteta koje je samo htelo da do\u010deka Novu godinu budna.<\/p>\n\n\n\n<p>U ovoj zemlji, mo\u017eete platiti porez, verovati u institucije, u\u010diti dete da zove 194 kad je u nevolji \u2013 i svejedno ostati sam.<\/p>\n\n\n\n<p>Ovo nije bila nesre\u0107a. Ovo je posledica sistema koji ne postoji. Posledica zakona koji se ne primenjuje. Ministarstva koje pet godina ne donosi pravilnike koje mu zakon nala\u017ee.<\/p>\n\n\n\n<p>Ovo je rezultat dr\u017eave koja nije napisala kada se \u017eivot spa\u0161ava \u2013 pa zato danas niko ne mora.<\/p>\n\n\n\n<p>U ovoj zemlji, ako niste \u201eneko\u201c, dete vam mo\u017ee umreti na podu. A jedini odgovor koji \u0107ete dobiti je \u2013 <em>klik.<\/em><\/p>\n\n\n\n<figure class=\"wp-block-image aligncenter size-full\"><img decoding=\"async\" width=\"550\" height=\"550\" src=\"https:\/\/pokretmeri.org.rs\/home\/wp-content\/uploads\/2025\/05\/hipokratova_zakletva.jpg\" alt=\"\" class=\"wp-image-2729\" srcset=\"https:\/\/pokretmeri.org.rs\/home\/wp-content\/uploads\/2025\/05\/hipokratova_zakletva.jpg 550w, https:\/\/pokretmeri.org.rs\/home\/wp-content\/uploads\/2025\/05\/hipokratova_zakletva-300x300.jpg 300w, https:\/\/pokretmeri.org.rs\/home\/wp-content\/uploads\/2025\/05\/hipokratova_zakletva-150x150.jpg 150w, https:\/\/pokretmeri.org.rs\/home\/wp-content\/uploads\/2025\/05\/hipokratova_zakletva-100x100.jpg 100w, https:\/\/pokretmeri.org.rs\/home\/wp-content\/uploads\/2025\/05\/hipokratova_zakletva-200x200.jpg 200w, https:\/\/pokretmeri.org.rs\/home\/wp-content\/uploads\/2025\/05\/hipokratova_zakletva-400x400.jpg 400w, https:\/\/pokretmeri.org.rs\/home\/wp-content\/uploads\/2025\/05\/hipokratova_zakletva-500x500.jpg 500w\" sizes=\"(max-width: 550px) 100vw, 550px\" \/><\/figure>\n\n\n\n<p>Nakon Nove godine, porodica je skupila ono malo snage \u0161to im je ostalo. Obratili su se prijatelju advokatu, veruju\u0107i da bar u sistemu pravde postoji neko ko \u0107e re\u0107i: \u201eOvo nije smelo da se dogodi.\u201c<\/p>\n\n\n\n<p>I tada je stigao prvi odgovor \u2014 izve\u0161taj unutra\u0161nje kontrole Zavoda za hitnu pomo\u0107.<\/p>\n\n\n\n<p>To \u0161to su pro\u010ditali nije bio uvid. Nije bila istraga. Nije bila istina.<\/p>\n\n\n\n<p>Bio je to drugi udarac. Drugo umiranje.<\/p>\n\n\n\n<p>Jer umire porodica jo\u0161 jednom kada shvati da dr\u017eava ne\u0107e stati uz njih. Da sistem nije tu da za\u0161titi gra\u0111ane i pacijente \u2014 ve\u0107 da za\u0161titi sam sebe.<\/p>\n\n\n\n<p>U izve\u0161taju nije bilo priznanja gre\u0161ke. Nije bilo saose\u0107anja. Nije bilo imena. Samo hladni birokratski jezik u kojem dete nije dete, ve\u0107 \u201epoziv\u201c, a panika uja\u010dka \u2014 \u201eote\u017eana komunikacija\u201c.<\/p>\n\n\n\n<p>Nije va\u017eno \u0161to je dete le\u017ealo na podu, \u0161to nije mogla da ustane, \u0161to je pomo\u0107 odbijena. Va\u017eno je da se protokoli formalno \u201enisu prekr\u0161ili\u201c. Va\u017eno je da sistem ne prizna da je zakazao.<\/p>\n\n\n\n<p>Jer ako prizna \u2014 onda mora da se menja.<\/p>\n\n\n\n<p>Tako je porodica, umesto pravde, dobila izve\u0161taj koji ih je u\u0107utkao. Umesto odgovornosti \u2013 prebacivanje krivice. Umesto priznanja \u2013 hladan papir na kojem je pisalo da su \u201eu\u010dinjeni svi postupci u skladu sa procedurom\u201c.<\/p>\n\n\n\n<p>A procedura, podse\u0107amo, <strong>nije ni postojala.<\/strong><\/p>\n\n\n\n<p><strong>Kada izve\u0161taj ne tra\u017ei istinu, ve\u0107 opravdanje<\/strong><\/p>\n\n\n\n<p>Izve\u0161taj unutra\u0161nje kontrole nije doneo odgovore. Nije uneo jasno\u0107u. Nije pokazao istinu.<\/p>\n\n\n\n<p>Doneo je jo\u0161 jedan \u0161amar.<\/p>\n\n\n\n<p>Umesto da prepozna propust, izve\u0161taj poku\u0161ava da ga zamaskira \u2014 da zata\u0161ka odgovornost lekara, a frustraciju o\u010dajnog \u010doveka pretvori u problem koji se mora \u201ekomunikacijski unaprediti\u201c. U tom dokumentu, dete nije umrlo zbog sistemske nebrige. Umrlo je jer je pozivalac \u201eote\u017eao komunikaciju\u201c.<\/p>\n\n\n\n<p>Jer kada sistem ho\u0107e da sa\u010duva sebe, istina je prva koja se bri\u0161e.<\/p>\n\n\n\n<p>Unutra\u0161nja kontrola u svom izve\u0161taju ne samo da ignori\u0161e su\u0161tinu problema, ve\u0107 poku\u0161ava da diskredituje ujaka \u2014 \u010doveka koji je u zoru, dr\u017ee\u0107i be\u017eivotno dete, tra\u017eio pomo\u0107. Nazivaju ga uznemirenim, agresivnim, kao da je emocija u takvom trenutku neprimerena. Kao da je trebalo da \u0107uti i \u010deka, da se bez ikakve reakcije pomiri sa tim da sistem ne\u0107e poslati ekipu \u2014 dok dete umire na podu.<\/p>\n\n\n\n<div data-wp-interactive=\"core\/file\" class=\"wp-block-file\"><object data-wp-bind--hidden=\"!state.hasPdfPreview\" hidden class=\"wp-block-file__embed\" data=\"https:\/\/pokretmeri.org.rs\/home\/wp-content\/uploads\/2025\/02\/Unutrasnja-kontrola.pdf\" type=\"application\/pdf\" style=\"width:100%;height:600px\" aria-label=\"Embed of Unutrasnja-kontrola.\"><\/object><a id=\"wp-block-file--media-44051e62-bf93-4423-b1f3-8342664453d9\" href=\"https:\/\/pokretmeri.org.rs\/home\/wp-content\/uploads\/2025\/02\/Unutrasnja-kontrola.pdf\">Unutrasnja-kontrola<\/a><a href=\"https:\/\/pokretmeri.org.rs\/home\/wp-content\/uploads\/2025\/02\/Unutrasnja-kontrola.pdf\" class=\"wp-block-file__button wp-element-button\" download aria-describedby=\"wp-block-file--media-44051e62-bf93-4423-b1f3-8342664453d9\">Download<\/a><\/div>\n\n\n\n<p>Ovakav narativ nije propust. To je strategija. Smi\u0161ljena i hladna.<\/p>\n\n\n\n<p>Jer priznati gre\u0161ku zna\u010dilo bi priznati da sistem ne radi. A to bi moglo da pokrene pitanje odgovornosti \u2014 a toga se ovaj sistem boji vi\u0161e od bilo koje smrti.<\/p>\n\n\n\n<p>Umesto da se osvrne na \u010dinjenicu da je lekarka odbila da po\u0161alje ekipu na teren uprkos ozbiljnim simptomima, izve\u0161taj pa\u017eljivo bira re\u010di kojima \u0161titi instituciju. Nijedna ta\u010dka ne prepoznaje profesionalni propust. Umesto suo\u010davanja sa gre\u0161kom, nudi se \u201epreporuka za unapre\u0111enje komunikacije\u201c.<\/p>\n\n\n\n<p>\u0160tavi\u0161e, iz samog izja\u0161njenja lekarke jasno se vidi da konsultacija sa kolegom nije imala klini\u010dki cilj, ve\u0107 je slu\u017eila isklju\u010divo da \u201esmiri pozivaoca\u201c \u2014 kako sama navodi, \u201ekoriste\u0107i mu\u0161ki autoritet\u201c.<\/p>\n\n\n\n<p>Uprkos tome, u izve\u0161taju unutra\u0161nje kontrole stoji formulacija:<\/p>\n\n\n\n<p class=\"has-ast-global-color-5-color has-ast-global-color-8-background-color has-text-color has-background has-link-color wp-elements-adba07f5de985e4e29aa92300c35c198\"><em><strong>\u201ene mo\u017ee se sa sigurno\u0161\u0107u utvrditi da li bi nakon konsultacije sa kolegom ekipa bila upu\u0107ena\u201c.<\/strong><\/em><\/p>\n\n\n\n<p>Time se ve\u0161ta\u010dki otvara prostor za sumnju, iako je iz same izjave lekarke o\u010digledno da konsultacija nije ni poku\u0161ana radi preispitivanja medicinske odluke.<\/p>\n\n\n\n<p>Drugim re\u010dima \u2014 <strong>sistem tvrdi da ne zna da li bi pomogao, iako svi dokazi govore da nikada nije ni nameravao da poku\u0161a<\/strong>.<\/p>\n\n\n\n<figure class=\"wp-block-image aligncenter size-large\"><img loading=\"lazy\" decoding=\"async\" width=\"716\" height=\"1024\" src=\"https:\/\/pokretmeri.org.rs\/home\/wp-content\/uploads\/2025\/05\/Izjasnjenje-dktorke-anonimizirano-716x1024.png\" alt=\"\" class=\"wp-image-2730\" srcset=\"https:\/\/pokretmeri.org.rs\/home\/wp-content\/uploads\/2025\/05\/Izjasnjenje-dktorke-anonimizirano-716x1024.png 716w, https:\/\/pokretmeri.org.rs\/home\/wp-content\/uploads\/2025\/05\/Izjasnjenje-dktorke-anonimizirano-210x300.png 210w, https:\/\/pokretmeri.org.rs\/home\/wp-content\/uploads\/2025\/05\/Izjasnjenje-dktorke-anonimizirano-768x1099.png 768w, https:\/\/pokretmeri.org.rs\/home\/wp-content\/uploads\/2025\/05\/Izjasnjenje-dktorke-anonimizirano.png 966w\" sizes=\"(max-width: 716px) 100vw, 716px\" \/><\/figure>\n\n\n\n<p>Dakle \u2014 problem nije \u0161to dete nije dobilo pomo\u0107. Problem je \u0161to je neko preglasno tra\u017eio da mu dete ne umre.<\/p>\n\n\n\n<p>Ali \u0161ta se zaista dogodilo, ne pi\u0161e u izve\u0161taju.<\/p>\n\n\n\n<p>To nije analiza. To je izgovor. To je institucionalni \u0161tit postavljen nad sopstvenim gre\u0161kama.<\/p>\n\n\n\n<p>Dok porodica sahranjuje dete, sistem pi\u0161e izve\u0161taje kojima sahranjuje odgovornost.<\/p>\n\n\n\n<p class=\"has-text-align-center\"><strong>Glasovi pravde \u2014 pri\u010de koje ne smeju ostati neispri\u010dane<\/strong><\/p>\n\n\n\n<figure class=\"wp-block-image aligncenter size-full is-resized\"><img loading=\"lazy\" decoding=\"async\" width=\"679\" height=\"672\" src=\"https:\/\/pokretmeri.org.rs\/home\/wp-content\/uploads\/2025\/05\/Glasovi-pravde.jpg\" alt=\"\" class=\"wp-image-2722\" style=\"width:408px;height:auto\" srcset=\"https:\/\/pokretmeri.org.rs\/home\/wp-content\/uploads\/2025\/05\/Glasovi-pravde.jpg 679w, https:\/\/pokretmeri.org.rs\/home\/wp-content\/uploads\/2025\/05\/Glasovi-pravde-300x297.jpg 300w, https:\/\/pokretmeri.org.rs\/home\/wp-content\/uploads\/2025\/05\/Glasovi-pravde-100x100.jpg 100w\" sizes=\"(max-width: 679px) 100vw, 679px\" \/><\/figure>\n\n\n\n<p class=\"has-text-align-center\"><\/p>\n\n\n\n<p>Ovo je \u010detvrta pri\u010da u serijalu <em>\u201eGlasovi pravde\u201c<\/em>, kojim Pokret Pravo na \u017eivot \u2013 MERI bele\u017ei svedo\u010denja porodica koje su izgubile svoje najmilije zbog sistemskih propusta u hitnoj pomo\u0107i \u2014 i zbog \u0107utanja koje ubija.<\/p>\n\n\n\n<p>Ova pri\u010da dolazi iz Beograda. Iza nje ne stoje kamere, politi\u010dke funkcije ni poznata imena \u2014 samo jedno dete. Jedno pismo Deda Mrazu. Jedan broj koji nije odgovorio.<\/p>\n\n\n\n<p>Prvu pri\u010du, o smrti Stevana Tomi\u010di\u0107a iz Ba\u010dke Palanke, kome ekipa hitne pomo\u0107i nije poslata uprkos vi\u0161e poziva u pomo\u0107, <a href=\"https:\/\/pokretmeri.org.rs\/home\/2025\/04\/15\/moj-tata-nije-bio-broj-borba-za-pravdu-u-sistemu-koji-stiti-nemar\/\" target=\"_blank\" rel=\"noopener\" title=\"\">pro\u010ditajte ovde<\/a>.<strong><br><br><\/strong><\/p>\n\n\n\n<p>Drugu pri\u010du, o smrti Merite Bekirovski i po\u010detku borbe koja je pokrenula \u010ditav pokret, <a href=\"https:\/\/pokretmeri.org.rs\/home\/2025\/04\/19\/meri-borba-koja-traje\/\" target=\"_blank\" rel=\"noopener\" title=\"\">pro\u010ditajte ovde<\/a>.<strong><br><br><\/strong><\/p>\n\n\n\n<p>Tre\u0107u pri\u010du, o Marinku Rudakovu koga su ostavili bez pomo\u0107i jer ne izlaze posle 19 \u010dasova mo\u017eete <a href=\"https:\/\/pokretmeri.org.rs\/home\/2025\/04\/26\/posle-19h-zivot-nema-pravo-na-pomoc\/\" target=\"_blank\" rel=\"noopener\" title=\"\">pro\u010ditati ovde<\/a>.<\/p>\n\n\n\n<p><strong>Ako \u0107utimo, bi\u0107e ih jo\u0161.<br>Ako pi\u0161emo, pamtimo.<br>Ako govorimo, borimo se.<\/strong><\/p>\n\n\n\n<p class=\"has-text-align-center has-ast-global-color-5-color has-vivid-red-background-color has-text-color has-background has-link-color has-medium-font-size wp-elements-5de7e42112cc9b0530b19e320058fde6\"><strong>\u017dIVOTI IZGUBLJENI U TI\u0160INI SISTEMA OBAVEZUJU NAS DA TA TI\u0160INA VI\u0160E NIKAD NE OSTANE BEZ ODGOVORA!<\/strong><\/p>\n","protected":false},"excerpt":{"rendered":"<p>Imala je samo devet godina. Sanjala je snove, one koje sanjaju sva deca, i\u0161\u010dekuju\u0107i Deda Mraza koji je trebao da do\u0111e za dva dana. Nije stigla da napi\u0161e svoje prve stihove, iako je \u010desto govorila da \u0107e jednog dana postati pesnikinja. Nije stigla da nau\u010di tablicu deljenja do kraja, ali je znala kako da podeli [&hellip;]<\/p>\n","protected":false},"author":1,"featured_media":2736,"comment_status":"open","ping_status":"open","sticky":false,"template":"","format":"standard","meta":{"_eb_attr":"","_monsterinsights_skip_tracking":false,"_monsterinsights_sitenote_active":false,"_monsterinsights_sitenote_note":"","_monsterinsights_sitenote_category":0,"site-sidebar-layout":"default","site-content-layout":"","ast-site-content-layout":"default","site-content-style":"default","site-sidebar-style":"default","ast-global-header-display":"","ast-banner-title-visibility":"","ast-main-header-display":"","ast-hfb-above-header-display":"","ast-hfb-below-header-display":"","ast-hfb-mobile-header-display":"","site-post-title":"","ast-breadcrumbs-content":"","ast-featured-img":"","footer-sml-layout":"","theme-transparent-header-meta":"","adv-header-id-meta":"","stick-header-meta":"","header-above-stick-meta":"","header-main-stick-meta":"","header-below-stick-meta":"","astra-migrate-meta-layouts":"set","ast-page-background-enabled":"default","ast-page-background-meta":{"desktop":{"background-color":"var(--ast-global-color-4)","background-image":"","background-repeat":"repeat","background-position":"center center","background-size":"auto","background-attachment":"scroll","background-type":"","background-media":"","overlay-type":"","overlay-color":"","overlay-opacity":"","overlay-gradient":""},"tablet":{"background-color":"","background-image":"","background-repeat":"repeat","background-position":"center center","background-size":"auto","background-attachment":"scroll","background-type":"","background-media":"","overlay-type":"","overlay-color":"","overlay-opacity":"","overlay-gradient":""},"mobile":{"background-color":"","background-image":"","background-repeat":"repeat","background-position":"center center","background-size":"auto","background-attachment":"scroll","background-type":"","background-media":"","overlay-type":"","overlay-color":"","overlay-opacity":"","overlay-gradient":""}},"ast-content-background-meta":{"desktop":{"background-color":"var(--ast-global-color-5)","background-image":"","background-repeat":"repeat","background-position":"center center","background-size":"auto","background-attachment":"scroll","background-type":"","background-media":"","overlay-type":"","overlay-color":"","overlay-opacity":"","overlay-gradient":""},"tablet":{"background-color":"var(--ast-global-color-5)","background-image":"","background-repeat":"repeat","background-position":"center center","background-size":"auto","background-attachment":"scroll","background-type":"","background-media":"","overlay-type":"","overlay-color":"","overlay-opacity":"","overlay-gradient":""},"mobile":{"background-color":"var(--ast-global-color-5)","background-image":"","background-repeat":"repeat","background-position":"center center","background-size":"auto","background-attachment":"scroll","background-type":"","background-media":"","overlay-type":"","overlay-color":"","overlay-opacity":"","overlay-gradient":""}},"footnotes":""},"categories":[54],"tags":[49,42,23,41],"class_list":["post-2726","post","type-post","status-publish","format-standard","has-post-thumbnail","hentry","category-glasovi-pravde","tag-glasovi-pravde","tag-hitna-pomoc","tag-ministarstvo-zdravja","tag-pravo-na-zivot"],"aioseo_notices":[],"_links":{"self":[{"href":"https:\/\/pokretmeri.org.rs\/home\/wp-json\/wp\/v2\/posts\/2726","targetHints":{"allow":["GET"]}}],"collection":[{"href":"https:\/\/pokretmeri.org.rs\/home\/wp-json\/wp\/v2\/posts"}],"about":[{"href":"https:\/\/pokretmeri.org.rs\/home\/wp-json\/wp\/v2\/types\/post"}],"author":[{"embeddable":true,"href":"https:\/\/pokretmeri.org.rs\/home\/wp-json\/wp\/v2\/users\/1"}],"replies":[{"embeddable":true,"href":"https:\/\/pokretmeri.org.rs\/home\/wp-json\/wp\/v2\/comments?post=2726"}],"version-history":[{"count":2,"href":"https:\/\/pokretmeri.org.rs\/home\/wp-json\/wp\/v2\/posts\/2726\/revisions"}],"predecessor-version":[{"id":2737,"href":"https:\/\/pokretmeri.org.rs\/home\/wp-json\/wp\/v2\/posts\/2726\/revisions\/2737"}],"wp:featuredmedia":[{"embeddable":true,"href":"https:\/\/pokretmeri.org.rs\/home\/wp-json\/wp\/v2\/media\/2736"}],"wp:attachment":[{"href":"https:\/\/pokretmeri.org.rs\/home\/wp-json\/wp\/v2\/media?parent=2726"}],"wp:term":[{"taxonomy":"category","embeddable":true,"href":"https:\/\/pokretmeri.org.rs\/home\/wp-json\/wp\/v2\/categories?post=2726"},{"taxonomy":"post_tag","embeddable":true,"href":"https:\/\/pokretmeri.org.rs\/home\/wp-json\/wp\/v2\/tags?post=2726"}],"curies":[{"name":"wp","href":"https:\/\/api.w.org\/{rel}","templated":true}]}}