{"id":2933,"date":"2025-07-29T05:58:59","date_gmt":"2025-07-29T03:58:59","guid":{"rendered":"https:\/\/pokretmeri.org.rs\/home\/?p=2933"},"modified":"2025-07-29T05:58:59","modified_gmt":"2025-07-29T03:58:59","slug":"kriv-jer-trazi-glas-zene-koju-je-izgubio","status":"publish","type":"post","link":"https:\/\/pokretmeri.org.rs\/home\/2025\/07\/29\/kriv-jer-trazi-glas-zene-koju-je-izgubio\/","title":{"rendered":"Kriv jer tra\u017ei glas \u017eene koju je izgubio"},"content":{"rendered":"\n<p><em>U zemlji u kojoj sistem gre\u0161ke ne priznaje, ve\u0107 ih prikriva \u2014 jedan \u010dovek poku\u0161ava da sazna istinu o smrti svoje supruge. Nije tra\u017eio osvetu. Nije imao advokata. Samo je \u017eeleo da \u010duje njen glas poslednji put. Umesto odgovora, do\u010dekala ga je ti\u0161ina, pa poricanje \u2014 i na kraju, optu\u017eba. Ovo je pri\u010da o tome kako potraga za istinom postaje razlog da postane\u0161 neprijatelj.<\/em><\/p>\n\n\n\n<p><strong><em>Kako je jedan \u010dovek, tra\u017ee\u0107i istinu o smrti supruge, postao optu\u017eeni u sistemu koji zata\u0161kava gre\u0161ke<\/em><\/strong><\/p>\n\n\n\n<p><em>\u201eNe\u0107u nikoga da tu\u017eim. Samo \u017eelim da \u010dujem glas \u017eene koju nisam stigao da zagrlim dok je umirala.\u201c<\/em><\/p>\n\n\n\n<p><em>Postoje trenuci kada se ceo jedan \u017eivot slomi u ti\u0161ini koju niko ne \u017eeli da \u010duje. Kada ne\u010dije poslednje re\u010di ostanu izgubljene me\u0111u birokratskim pravilnicima i zidovima ravnodu\u0161nosti. Kada ljubav koja je trajala decenijama \u2014 bude ostavljena da umre sama, u ti\u0161ini i bez svedoka.<\/em><\/p>\n\n\n\n<p><em>U februaru 2025. godine, R.\u017d. je izgubio svoju suprugu. Te ve\u010deri nije bio kod ku\u0107e. Nije znao da se gu\u0161i, da je u strahu \u2014 i da sama, u nemo\u0107i, podi\u017ee slu\u0161alicu da pozove pomo\u0107 koja nikada ne\u0107e do\u0107i. Hitna pomo\u0107 je obave\u0161tena. Ali niko nije poslat. Nikoga nije bilo.<\/em><\/p>\n\n\n\n<p><em>Slede\u0107eg jutra, zatekao ju je u besvesnom stanju. Jo\u0161 je bila topla. Nadao se. Pozvao je broj 194. Ovog puta je ekipa poslata \u2014 ali ne da pomogne, ve\u0107 da konstatuje kraj.<\/em><\/p>\n\n\n\n<p><em>Za R.\u017d. tada po\u010dinje druga borba. Ne za osvetu. Ne za krivca.<br>Ve\u0107 za jedno ljudsko, jednostavno, razoravaju\u0107e pitanje:<br><strong>\u0160ta se desilo? \u0160ta je rekla? Kako je zvu\u010dala kada je zvala pomo\u0107?<\/strong><\/em><\/p>\n\n\n\n<p><em>Nije stigao da je zagrli. Nije bio tu da je ute\u0161i.<br>Sada samo \u017eeli da \u010duje njen glas i poku\u0161a da sazna mogu\u0107i uzrok smrti.<\/em><\/p>\n\n\n\n<p><em>Ali umesto odgovora, do\u010dekali su ga zidovi \u2014 i na tim zidovima pi\u0161e da je on opasan, nepo\u017eeljan, optu\u017eeni.<\/em><\/p>\n\n\n\n<hr class=\"wp-block-separator has-alpha-channel-opacity\"\/>\n\n\n\n<p class=\"has-medium-font-size\"><strong>\u201eSamo sam hteo da znam\u2026\u201c<\/strong><\/p>\n\n\n\n<p>Njegova potraga nije po\u010dela kao optu\u017eba. Nije krenuo s ljutnjom, ni s papirima, ni s advokatom. Po\u010dela je kao najosnovnije ljudsko pitanje:<br><em>\u201e\u0160ta je rekla kad je zvala pomo\u0107? Kako je zvu\u010dala? Koliko joj je bilo lo\u0161e? Da li je neko \u010duo strah u njenom glasu?\u201c<\/em><\/p>\n\n\n\n<p>Nije bio uz nju kada je zvala. Nije mogao da zna kako je disala, da li je plakala, da li je rekla da se gu\u0161i.<\/p>\n\n\n\n<p>Zato je oti\u0161ao u Zavod za urgentnu medicinu \u2014 ne da preti, ne da optu\u017ei, ve\u0107 da <strong>zatra\u017ei glas koji nije uspeo da \u010duje dok je jo\u0161 bila deo ovog sveta.<\/strong><\/p>\n\n\n\n<p>Do\u010dekali su ga sa razumevanjem. Lekarka i pravnik obe\u0107ali su mu da \u0107e, \u010dim se doktorka koja je iza\u0161la kada je on pozvao hitnu pomo\u0107 vrati s odmora, dobiti fonozapise i njihovo stru\u010dno tuma\u010denje.<br>Rekli su mu: <em>do\u0111ite za 15 dana.<\/em><br>Rekli su: <em>pozva\u0107emo vas.<\/em><\/p>\n\n\n\n<p>Ali nikada ga nisu pozvali.<br>Niko nije javio. Niko nije objasnio.<\/p>\n\n\n\n<p>Kada se, posle dve nedelje, sam javio \u2014 <strong>sve se promenilo.<\/strong><\/p>\n\n\n\n<p>Ton je bio druga\u010diji. Vi\u0161e se niko nije pozivao na obe\u0107anje. Niko vi\u0161e nije govorio o pomo\u0107i.<\/p>\n\n\n\n<p>Odjednom:<\/p>\n\n\n\n<ul class=\"wp-block-list\">\n<li>Fonozapisi vi\u0161e nisu bili sredstvo razumevanja \u2014 ve\u0107 \u201e<strong>poslovna tajna<\/strong>\u201c.<\/li>\n\n\n\n<li>Lekarka vi\u0161e nije bila \u201ena odmoru\u201c \u2014 sada je bila <strong>nedostupna, neopipljiva<\/strong>.<\/li>\n\n\n\n<li>Dokumentacija koju su mu obe\u0107ali \u2014 sada je <strong>\u201ezabranjena bez sudskog naloga\u201c<\/strong>.<\/li>\n<\/ul>\n\n\n\n<p>R.\u017d. je od supruga u \u017ealosti postao <strong>neprijatnost koju treba udaljiti<\/strong>.<br>Samo zato \u0161to nije \u017eeleo da zaboravi. Samo zato \u0161to je \u017eeleo da razume. Samo zato \u0161to nije prestajao da pita.<\/p>\n\n\n\n<p>A pitao je ne\u0161to \u0161to niko u njegovoj situaciji ne bi smeo da zaboravi:<\/p>\n\n\n\n<p><em>\u201eAko ve\u0107 nisam bio uz nju kada je umirala \u2013 zar bar mogu da saznam \u0161ta je ose\u0107ala, \u0161ta je rekla, i kako joj je bilo, da bih razumeo od \u010dega je mogla da umre?\u201c<\/em><\/p>\n\n\n\n<p>Ali za sistem, koji je ve\u0107 tada pre\u0161ao u defanzivu, ta potreba \u2014 <strong>nije bila pravo<\/strong>.<br>Bila je <strong>pretnja<\/strong>.<\/p>\n\n\n\n<hr class=\"wp-block-separator has-alpha-channel-opacity\"\/>\n\n\n\n<p class=\"has-medium-font-size\"><strong>Transkripti koji nisu ta\u010dni. Pogledi koji nisu ljudski.<\/strong><\/p>\n\n\n\n<p>Kada je, uz pomo\u0107 inspekcije kona\u010dno dobio transkripte razgovora sa hitnom pomo\u0107i \u2014 R.\u017d. je verovao da \u0107e napokon saznati deli\u0107 istine. Mo\u017eda ne sve, ali bar ne\u0161to. Neku re\u010denicu. Simptom. Trag koji ostavlja glas kada se javi iz o\u010daja.<\/p>\n\n\n\n<p>Ali umesto utehe, <strong>do\u010dekalo ga je novo poni\u017eenje.<\/strong><\/p>\n\n\n\n<p>Transkript njegovog sopstvenog poziva \u2014 <strong>nije bio ono \u0161to je rekao.<\/strong><br>Re\u010denice su bile skra\u0107ene. Neke izostavljene.<br><br>Kao da mu je neko obrisao deo bola i vratio mu ga umotanog u birokratski celofan.<\/p>\n\n\n\n<p>Tada je shvatio:<br>Ako su to uradili s njegovim pozivom \u2014 <strong>\u0161ta su tek uradili sa Zlatinim?<\/strong><br>Mo\u017eda nikada ne\u0107e znati \u0161ta je rekla. Da li je rekla da se gu\u0161i. Da li je molila. Da li je \u0107utala.<\/p>\n\n\n\n<p>Ali najopasniji deo svega \u2014 <strong>nije bio u papirima, ve\u0107 u pona\u0161anju rukovodioca.<\/strong><\/p>\n\n\n\n<p>Jer u prvom susretu, kada je do\u0161ao samo sa pitanjem i tugom \u2014 <strong>rekli su mu da ima pravo na sve.<\/strong><br>Obe\u0107ali su fonozapise. Obe\u0107ali su obja\u0161njenje. Rekli mu da samo sa\u010deka da se doktorka vrati s odmora.<br><strong>Bili su ljubazni. Dok nisu preslu\u0161ali.<\/strong><\/p>\n\n\n\n<p>Jer kada je R.\u017d. dao precizne podatke:<br>\u2013 brojeve telefona,<br>\u2013 ta\u010dne datume i sate poziva,<br>\u2013 i zahtevao samo ono \u0161to mu zakon i sudska praksa garantuju,<br><strong>sve se promenilo.<\/strong><\/p>\n\n\n\n<p>Nakon \u0161to su preslu\u0161ali pozive \u2014 <strong>poni\u0161tili su obe\u0107anja.<\/strong><br>Ono \u0161to mu je pripadalo \u2014 <strong>postalo je nemogu\u0107e.<\/strong><br>Fonozapisi su odjednom \u201eposlovna tajna\u201c. Dokumentacija zaklju\u010dana. A on \u2014 <strong>nepozvan.<\/strong><\/p>\n\n\n\n<p>Upravo tu, u toj nagloj promeni pona\u0161anja, rodila se <strong>prva sumnja<\/strong>.<br>Ne u sistem kao apstrakciju \u2014 ve\u0107 u <strong>ljude koji su, u trenutku kad su \u010duli istinu, odlu\u010dili da je sakriju.<\/strong><\/p>\n\n\n\n<p>Zato se R.\u017d. vratio. Ne s gnevom. S pitanjem:<br><em>\u201eZa\u0161to sada ne mogu da \u010dujem ono \u0161to ste mi ve\u0107 obe\u0107ali?\u201c<\/em><\/p>\n\n\n\n<p>Ali tamo ga vi\u0161e niko nije gledao kao \u010doveka.<br>Nisu mu rekli \u201edobar dan\u201c.<br>Nisu ga pitali kako je.<br>Nisu rekli: <em>\u201eIzvinite, proveri\u0107emo.\u201c<\/em><\/p>\n\n\n\n<p>Rekli su mu da <strong>umi\u0161lja<\/strong>.<br>Da <strong>preuveli\u010dava<\/strong>.<br>Rekli su mu da je <strong>\u201eiritantan\u201c<\/strong>.<br>Rekli su mu da im se <strong>obra\u0107a sa \u201eVi\u201c<\/strong>, dok mu se <strong>sme\u0161kaju na smrt njegove \u017eene.<\/strong> I da, dobro ste pro\u010ditali, na svu njegovu tugu, dobio je podsmehe.<\/p>\n\n\n\n<p>Jedan od zaposlenih rekao mu je da su svi razgovori \u201eta\u010dni\u201c \u2014 iako ih nije ni pogledao.<br>Drugi je tvrdio da ga nije evidentirao, iako je R.\u017d. znao da jeste.<br>Tre\u0107i mu je rekao da je <strong>\u201edo\u0161ao da pravi haos\u201c<\/strong>.<\/p>\n\n\n\n<p>A kada je, u naletu bola, izgovorio psovku \u2014 <strong>pozvana je policija.<\/strong><\/p>\n\n\n\n<p>Ne jer je nekome pretio.<br>Ne jer je nekog dodirnuo.<br>Ne jer je uzvikivao.<\/p>\n\n\n\n<p><strong>Ve\u0107 zato \u0161to je odbio da \u0107uti.<\/strong><\/p>\n\n\n\n<p class=\"has-medium-font-size\"><strong>Kad sistem uskrati sve \u2014 pa te jo\u0161 i optu\u017ei<\/strong><\/p>\n\n\n\n<p>U ovom slu\u010daju ne govorimo o propustu. Ne govorimo o nesporazumu.<br>Govorimo o <strong>apsurdu koji prerasta u zlo.<\/strong><\/p>\n\n\n\n<p>Jer u dr\u017eavi u kojoj se ovo dogodilo, <strong>sistem je R.\u017d.-u uskratio sve redom.<\/strong><\/p>\n\n\n\n<p>Prvo su mu uskratili <strong>pravo na \u017eivot njegove supruge<\/strong> i pravo njegovo dvoje dece da odrasta uz maj\u010din zagrjaj.<br>Ne figurativno.<br>Ne metafori\u010dki.<br>Bukvalno.<\/p>\n\n\n\n<p>Kada je pozvala pomo\u0107, nije je dobila. Kada je disala te\u0161ko, niko nije do\u0161ao. Kada se gu\u0161ila \u2014 <strong>nije bilo odgovora.<\/strong><br>Iako su znali. Iako su \u010duli.<br>To je trenutak kada <strong>dr\u017eava postaje sau\u010desnik u smrti.<\/strong><br>Ne zato \u0161to je \u017eelela zlo, ve\u0107 zato \u0161to <strong>nije \u017eelela da uradi ni\u0161ta.<\/strong><\/p>\n\n\n\n<p>Zatim su mu uskratili <strong>pravo na istinu.<\/strong><\/p>\n\n\n\n<p>Fonozapisi koje su mu prvo obe\u0107ali, odjednom su postali &#8220;poslovna tajna&#8221;.<br>Dokument koji sadr\u017ei simptome koje je prijavila njegova supruga \u2014 <strong>postaje za\u0161ti\u0107eniji od li\u010dnih podataka<\/strong>, iako mu <strong>zakon to pravo eksplicitno garantuje<\/strong>, a <strong>sud ve\u0107 ranije presudio u korist gra\u0111ana<\/strong>.<\/p>\n\n\n\n<p>Zavod se nije oglu\u0161io o zakon iz neznanja.<br>Ogledao se u sopstvenoj presudi \u2014 i svesno je <strong>ponovo prekr\u0161io.<\/strong><\/p>\n\n\n\n<p>A onda, na kraju \u2014 kada su ga uvukli u besmislenu spiralu la\u017enih obe\u0107anja, poricanja i poni\u017eavanja \u2014 <strong>optu\u017eili su njega.<\/strong><\/p>\n\n\n\n<p>Njegovu bol su proglasili agresijom.<br>Njegovu reakciju \u2014 napadom.<br>Njegovu potragu za istinom \u2014 pretnjom.<\/p>\n\n\n\n<p>Jer sistem ne voli da mu se gleda u lice. A posebno ne voli da mu se postavi pitanje koje razotkriva sve:<\/p>\n\n\n\n<p><em>&#8220;Ko je odgovoran kad pomo\u0107 ne do\u0111e?&#8221;<\/em><\/p>\n\n\n\n<p>U dr\u017eavi koja zata\u0161kava gre\u0161ke, najopasniji \u010dovek nije onaj koji preti.<br>Najopasniji je <strong>onaj koji ne odustaje da pita.<\/strong><\/p>\n\n\n\n<p class=\"has-medium-font-size\">&nbsp; <strong>Od oca i mu\u017ea \u2014 do osumnji\u010denog<\/strong><\/p>\n\n\n\n<p>Nije pretio. Nije nikog dodirnuo.<br>Nije uradio ni\u0161ta \u0161to bi bilo kvalifikovano kao nasilje.<\/p>\n\n\n\n<p>U svojoj izjavi datoj u policijskoj stanici, R.\u017d. je jasno naveo: izgovorio je psovku \u2014 <strong>ne zato \u0161to je hteo da napadne<\/strong>, ve\u0107 zato \u0161to je bio isprovociran <strong>poni\u017eavanjem i institucionalnim odbijanjem prava<\/strong> koje mu zakon ve\u0107 priznaje.<\/p>\n\n\n\n<p>Niko mu nije stavio lisice. Niko ga nije priveo.<br>Ali je pozvan da da izjavu.<br>I taj poziv, u kontekstu svega \u0161to je pre\u017eiveo, <strong>nije bio dijalog \u2014 ve\u0107 upozorenje.<\/strong><\/p>\n\n\n\n<p>Mesec dana kasnije, stigao je slede\u0107i poziv \u2014 <strong>ovaj put kao okrivljenom za krivi\u010dno delo napada na zdravstvene radnike.<\/strong><\/p>\n\n\n\n<p>Na osnovu \u010dega?<br>Na osnovu re\u010di. Na osnovu reakcije.<br>Na osnovu toga \u0161to nije vi\u0161e mogao da \u0107uti.<\/p>\n\n\n\n<p>A upravo na to je Pokret \u201ePravo na \u017eivot \u2013 MERI\u201c upozorio jo\u0161 u junu 2024. godine, kada je Vlada Srbije predlo\u017eila izmenu Krivi\u010dnog zakonika i uvo\u0111enje posebnog krivi\u010dnog dela napada na zdravstvenog radnika.<\/p>\n\n\n\n<p>Tada smo javno ukazali da ovakve izmene, bez prethodnog re\u0161avanja problema sistemske neodgovornosti i kr\u0161enja prava pacijenata, mogu imati suprotan efekat:<\/p>\n\n\n\n<p>\u201ePostoji ozbiljan rizik da \u0107e pojedini bahati zdravstveni radnici postati jo\u0161 bahatiji&#8230; a za\u0161tita koja je selektivna i jednostrana mo\u017ee dodatno naru\u0161iti ve\u0107 uzdrmano poverenje pacijenata u zdravstveni sistem.\u201c<\/p>\n\n\n\n<p>U istom dopisu istaknuto je da se pacijentima i \u010dlanovima porodice sve \u010de\u0161\u0107e uskra\u0107uju informacije, da se dokumentacija vodi suprotno zakonu, i da takve prakse ozbiljno ote\u017eavaju ili potpuno onemogu\u0107avaju dokazivanje gre\u0161aka i ostvarivanje prava. Upravo to je ono \u0161to je u slu\u010daju R.\u017d. izazvalo reakciju \u2014 poku\u0161ao je da ostvari pravo koje mu zakon garantuje, ali je umesto pomo\u0107i do\u010dekan odbijanjem, manipulacijom, bahato\u0161\u0107u, ismejavanjem i na kraju \u2014 optu\u017ebom.<\/p>\n\n\n\n<p>Zakon, koji je trebalo da \u0161titi lekare od nasilja, zloupotrebljen je da za\u0161titi instituciju od pitanja.<\/p>\n\n\n\n<p>Zakon, koji je trebalo da oja\u010da bezbednost zaposlenih, iskori\u0161\u0107en je da u\u0107utka oca koji tra\u017ei glas svoje \u017eene.<\/p>\n\n\n\n<figure class=\"wp-block-image aligncenter size-full\"><img fetchpriority=\"high\" decoding=\"async\" width=\"714\" height=\"913\" src=\"https:\/\/pokretmeri.org.rs\/home\/wp-content\/uploads\/2025\/06\/Dopis-u-vezi-KZ.jpg\" alt=\"\" class=\"wp-image-2934\" srcset=\"https:\/\/pokretmeri.org.rs\/home\/wp-content\/uploads\/2025\/06\/Dopis-u-vezi-KZ.jpg 714w, https:\/\/pokretmeri.org.rs\/home\/wp-content\/uploads\/2025\/06\/Dopis-u-vezi-KZ-235x300.jpg 235w\" sizes=\"(max-width: 714px) 100vw, 714px\" \/><\/figure>\n\n\n\n<p>Jer lak\u0161e je kazniti \u010doveka koji tra\u017ei \u2014 nego objasniti za\u0161to niko nije do\u0161ao da poku\u0161a da spase.<br>Lak\u0161e je institucionalno kazniti tugu \u2014 nego institucionalno priznati gre\u0161ku.<br>Lak\u0161e je okriviti supruga \u2014 nego odgovoriti porodici.<\/p>\n\n\n\n<p>Ovaj slu\u010daj jasno pokazuje <strong>opasnost selektivne za\u0161tite<\/strong>, u kojoj zakon ne \u0161titi \u017eivot, ne \u0161titi pravo, ne \u0161titi istinu \u2014 ve\u0107 samo \u0161titi <strong>mo\u0107 institucije<\/strong>.<\/p>\n\n\n\n<p class=\"has-medium-font-size\"><strong>Presuda koju Zavod ignori\u0161e \u2014 i zakon koji ponovo kr\u0161i<\/strong><\/p>\n\n\n\n<p>Nakon svega \u0161to je do\u017eiveo \u2014 gubitka, odbijanja, manipulacija i poni\u017eenja \u2014 R.\u017d. je odlu\u010dio da u\u010dini ono \u0161to bi svaki savesni gra\u0111anin uradio.<br>Podneo je <strong>zvani\u010dan pisani zahtev<\/strong> Zavodu za hitnu medicinsku pomo\u0107, pozivaju\u0107i se na <strong>\u010dlan 23. Zakona o pravima pacijenata<\/strong>, koji mu kao suprugu preminule pacijentkinje jasno daje pravo na uvid u medicinsku dokumentaciju.<\/p>\n\n\n\n<p>Uz zahtev je dostavio i <strong>pravosna\u017enu presudu Prekr\u0161ajnog suda<\/strong> (148 Pr.br. 23484\/20), potvr\u0111enu i od strane Apelacionog suda, kojom je <strong>Zavod ve\u0107 bio ka\u017enjen<\/strong> zbog istog postupanja \u2014 <strong>uskra\u0107ivanja pristupa fonozapisima \u010dlanu porodice preminule pacijentkinje<\/strong>.<\/p>\n\n\n\n<p>Sud je u toj presudi jasno utvrdio da:<\/p>\n\n\n\n<ul class=\"wp-block-list\">\n<li><strong>fonozapisi hitnih poziva predstavljaju medicinski dokument u funkcionalnom smislu<\/strong>, jer sadr\u017ee <strong>medicinski relevantne informacije<\/strong> i slu\u017ee kao osnov za procenu potrebe za intervencijom,<\/li>\n\n\n\n<li><strong>Zavod nije imao pravo da zahteva sudski nalog<\/strong>, jer je zakon jasan: supru\u017enik ima pravo na uvid kada postoji zakoniti interes,<\/li>\n\n\n\n<li><strong>navo\u0111enje \u201eposlovne tajne\u201c, internih procedura ili posebnih obrazaca nije osnov za uskra\u0107ivanje pristupa dokumentaciji<\/strong> kada se tra\u017ei po osnovu zakona.<\/li>\n<\/ul>\n\n\n\n<figure class=\"wp-block-image aligncenter size-full\"><img decoding=\"async\" width=\"652\" height=\"834\" src=\"https:\/\/pokretmeri.org.rs\/home\/wp-content\/uploads\/2025\/06\/pre.png\" alt=\"\" class=\"wp-image-2937\" srcset=\"https:\/\/pokretmeri.org.rs\/home\/wp-content\/uploads\/2025\/06\/pre.png 652w, https:\/\/pokretmeri.org.rs\/home\/wp-content\/uploads\/2025\/06\/pre-235x300.png 235w\" sizes=\"(max-width: 652px) 100vw, 652px\" \/><\/figure>\n\n\n\n<p>Me\u0111utim, <strong>Zavod je i pored te presude \u2014 odbio zahtev R.\u017d.<\/strong>, i to koriste\u0107i <strong>istovetnu argumentaciju koju je sud ve\u0107 odbacio<\/strong>.<\/p>\n\n\n\n<p>Time nisu samo <strong>ponovo prekr\u0161ili Zakon o pravima pacijenata<\/strong>, ve\u0107 su svesno ignorisali obavezu iz sudske presude i ponovili pona\u0161anje za koje su <strong>ve\u0107 ka\u017enjeni.<\/strong><\/p>\n\n\n\n<p>Ali ovaj put su oti\u0161li i korak dalje.<\/p>\n\n\n\n<p>U odgovoru R.\u017d.-u, kako bi opravdali odbijanje, <strong>prilo\u017eili su izve\u0161taj savetnika pacijenata iz slu\u010daja M. B.<\/strong> \u2014 dokument koji je ve\u0107 bio osporen u sudskom postupku, i koji <strong>nema nikakvu pravnu snagu<\/strong>.<\/p>\n\n\n\n<p>Time su:<\/p>\n\n\n\n<ol start=\"1\" class=\"wp-block-list\">\n<li><strong>Poku\u0161ali da manipuli\u0161u sagovornikom prikazuju\u0107i prethodni slu\u010daj kao presedan<\/strong>, iako je <strong>zavr\u0161io presudom protiv njih<\/strong>.<\/li>\n\n\n\n<li><strong>Neovla\u0161\u0107eno koristili podatke o drugom gra\u0111aninu i njegovoj porodici<\/strong>, i time <strong>prekr\u0161ili Zakon o za\u0161titi podataka o li\u010dnosti<\/strong> kao i<strong> Zakon o pravima pacijenata<\/strong>, koji zabranjuje upotrebu bilo \u010dijih zdravstvenih podataka bez izri\u010dite saglasnosti \u2014 \u0161to ovde nikada nije dato.<\/li>\n<\/ol>\n\n\n\n<p>To nije pravna oma\u0161ka.<br>To je <strong>svesno ponavljanje osu\u0111enog pona\u0161anja<\/strong>, i dodatno \u2014 <strong>zloupotreba tu\u0111e borbe kao \u0161tita od sopstvene odgovornosti.<\/strong><\/p>\n\n\n\n<p>U jednoj re\u010denici:<br><strong>Zavod koristi presudu u kojoj su izgubili \u2014 da bi ubedili novog \u010doveka da odustane.<\/strong><\/p>\n\n\n\n<p class=\"has-medium-font-size\"><strong>Kada tra\u017ei\u0161 pravd \u2013 postane\u0161 meta<\/strong><\/p>\n\n\n\n<p>Ovo vi\u0161e nije samo pri\u010da o R.\u017d.<br>Ovo je mehanizam.<br>Ovo je obrazac.<\/p>\n\n\n\n<p>U Srbiji danas, svaki poku\u0161aj da se tra\u017ei istina postaje razlog da te sistem obeshrabri i diskredituje \u2014 kr\u0161e\u0107i sopstvene zakone, ignori\u0161u\u0107i sudske presude i ostavljaju\u0107i te bez za\u0161tite, ali spreman da te la\u017eno optu\u017ei i instrumentalizuje zakon \u2014 ne da bi za\u0161titio zdravstvene radnike, ve\u0107 da bi prikrio istinu.<\/p>\n\n\n\n<p>Jer sistem ne reaguje na gre\u0161ku pokajanjem.<br>Sistem reaguje <strong>odbranom. Napadom. Zatvaranjem.<\/strong><\/p>\n\n\n\n<p>Najpre te puste da veruje\u0161 da ima\u0161 pravo.<br>Ohrabre te da pita\u0161. Ka\u017eu ti da \u0107e\u0161 dobiti odgovore.<\/p>\n\n\n\n<p>A onda, kada shvate da tvoje pitanje mo\u017ee da razotkrije ozbiljnu povredu zakona \u2014 <strong>po\u010dinje proces iscrpljivanja.<\/strong><\/p>\n\n\n\n<p>Ne\u0107e ti re\u0107i \u201ene\u201c, odmah.<br>Prvo \u0107e te terati da \u010deka\u0161.<br>Da dolazi\u0161.<br>Da moli\u0161.<br>Da \u0161alje\u0161 mejlove.<br>Da tra\u017ei\u0161 sagovornika.<br>Da tra\u017ei\u0161 termin.<br>Da podnosi\u0161 zahtev, pa dopunu zahteva, pa \u201e\u010dekaj direktoricu\u201c, pa \u201epo\u0161aljite preko inspekcije\u201c.<\/p>\n\n\n\n<p>Ako istraje\u0161 \u2014 po\u010de\u0107e da te diskredituju.<br>Nazva\u0107e te <em>\u201cte\u0161kim\u201c<\/em>, <em>\u201ciritantnim\u201c<\/em>, <em>\u201cnepristojnim\u201c<\/em>.<br>Re\u0107i \u0107e da <em>\u201cpreuveli\u010dava\u0161\u201c<\/em>.<br>Sme\u0161ka\u0107e ti se u lice dok pominje\u0161 smrt.<br>Dok se pita\u0161 <em>da li je neko mogao da pre\u017eivi \u2013 da su samo poku\u0161ali<\/em>.<\/p>\n\n\n\n<p>A ako tada jo\u0161 uvek ne odustane\u0161 \u2014<br><strong>optu\u017ei\u0107e te.<\/strong><\/p>\n\n\n\n<p>Ne zbog onoga \u0161to si uradio, ve\u0107 zbog onoga \u0161to si odbio da zaboravi\u0161.<\/p>\n\n\n\n<hr class=\"wp-block-separator has-alpha-channel-opacity\"\/>\n\n\n\n<p>Na ovaj na\u010din, <strong>gra\u0111anin koji tra\u017ei pravdu postaje problem koji treba re\u0161iti<\/strong>, a ne <strong>glas koji treba saslu\u0161ati<\/strong>.<br>Jer pitanje \u201eza\u0161to pomo\u0107 nije stigla?\u201c razotkriva ne samo jedan slu\u010daj \u2014 ve\u0107 <strong>sistemsku praksu uskra\u0107ivanja osnovnih ljudskih prava<\/strong>, uklju\u010duju\u0107i:<\/p>\n\n\n\n<ul class=\"wp-block-list\">\n<li><strong>pravo na \u017eivot<\/strong>,<\/li>\n\n\n\n<li><strong>pravo na informaciju<\/strong>,<\/li>\n\n\n\n<li><strong>pravo na delotvoran pravni lek<\/strong>,<\/li>\n\n\n\n<li>i na kraju \u2014 <strong>pravo na dostojanstvo u \u017ealosti.<\/strong><\/li>\n<\/ul>\n\n\n\n<p>Zato ovakvi slu\u010dajevi ne smeju ostati u ti\u0161ini porodi\u010dne tuge \u2014 jer su zapravo slika sistema u kojem smrt prolazi bez pitanja, a istina bez prava.<br>Jer dok sistem uspeva da diskredituje one koji tra\u017ee istinu \u2014 <strong>on osigurava da se sutra sve ovo ponovi.<\/strong><\/p>\n\n\n\n<p>I R.\u017d. to zna.<br>Zato ne odustaje.<br>Zato ne pristaje na ti\u0161inu.<\/p>\n\n\n\n<p>I zato ova pri\u010da mora da se \u010duje.<\/p>\n\n\n\n<p><strong>Pokret \u201ePravo na \u017eivot \u2013 MERI\u201c pru\u017ei\u0107e R.\u017d.-u svu mogu\u0107u podr\u0161ku \u2014 pravnu, javnu i institucionalnu \u2014 i da\u0107e sve od sebe da se istina doka\u017ee na sudu, a odgovorni za prikrivanje i ne\u010dinjenje pozovu na odgovornost.<\/strong> Jer ovo nije samo njegova borba. Ovo je borba svih nas<\/p>\n","protected":false},"excerpt":{"rendered":"<p>U zemlji u kojoj sistem gre\u0161ke ne priznaje, ve\u0107 ih prikriva \u2014 jedan \u010dovek poku\u0161ava da sazna istinu o smrti svoje supruge. Nije tra\u017eio osvetu. Nije imao advokata. Samo je \u017eeleo da \u010duje njen glas poslednji put. Umesto odgovora, do\u010dekala ga je ti\u0161ina, pa poricanje \u2014 i na kraju, optu\u017eba. Ovo je pri\u010da o tome [&hellip;]<\/p>\n","protected":false},"author":1,"featured_media":2949,"comment_status":"closed","ping_status":"open","sticky":false,"template":"","format":"standard","meta":{"_eb_attr":"","_monsterinsights_skip_tracking":false,"_monsterinsights_sitenote_active":false,"_monsterinsights_sitenote_note":"","_monsterinsights_sitenote_category":0,"site-sidebar-layout":"default","site-content-layout":"","ast-site-content-layout":"default","site-content-style":"default","site-sidebar-style":"default","ast-global-header-display":"","ast-banner-title-visibility":"","ast-main-header-display":"","ast-hfb-above-header-display":"","ast-hfb-below-header-display":"","ast-hfb-mobile-header-display":"","site-post-title":"","ast-breadcrumbs-content":"","ast-featured-img":"","footer-sml-layout":"","theme-transparent-header-meta":"","adv-header-id-meta":"","stick-header-meta":"","header-above-stick-meta":"","header-main-stick-meta":"","header-below-stick-meta":"","astra-migrate-meta-layouts":"set","ast-page-background-enabled":"default","ast-page-background-meta":{"desktop":{"background-color":"var(--ast-global-color-4)","background-image":"","background-repeat":"repeat","background-position":"center center","background-size":"auto","background-attachment":"scroll","background-type":"","background-media":"","overlay-type":"","overlay-color":"","overlay-opacity":"","overlay-gradient":""},"tablet":{"background-color":"","background-image":"","background-repeat":"repeat","background-position":"center center","background-size":"auto","background-attachment":"scroll","background-type":"","background-media":"","overlay-type":"","overlay-color":"","overlay-opacity":"","overlay-gradient":""},"mobile":{"background-color":"","background-image":"","background-repeat":"repeat","background-position":"center center","background-size":"auto","background-attachment":"scroll","background-type":"","background-media":"","overlay-type":"","overlay-color":"","overlay-opacity":"","overlay-gradient":""}},"ast-content-background-meta":{"desktop":{"background-color":"var(--ast-global-color-5)","background-image":"","background-repeat":"repeat","background-position":"center center","background-size":"auto","background-attachment":"scroll","background-type":"","background-media":"","overlay-type":"","overlay-color":"","overlay-opacity":"","overlay-gradient":""},"tablet":{"background-color":"var(--ast-global-color-5)","background-image":"","background-repeat":"repeat","background-position":"center center","background-size":"auto","background-attachment":"scroll","background-type":"","background-media":"","overlay-type":"","overlay-color":"","overlay-opacity":"","overlay-gradient":""},"mobile":{"background-color":"var(--ast-global-color-5)","background-image":"","background-repeat":"repeat","background-position":"center center","background-size":"auto","background-attachment":"scroll","background-type":"","background-media":"","overlay-type":"","overlay-color":"","overlay-opacity":"","overlay-gradient":""}},"footnotes":""},"categories":[54],"tags":[42,23,41],"class_list":["post-2933","post","type-post","status-publish","format-standard","has-post-thumbnail","hentry","category-glasovi-pravde","tag-hitna-pomoc","tag-ministarstvo-zdravja","tag-pravo-na-zivot"],"aioseo_notices":[],"_links":{"self":[{"href":"https:\/\/pokretmeri.org.rs\/home\/wp-json\/wp\/v2\/posts\/2933","targetHints":{"allow":["GET"]}}],"collection":[{"href":"https:\/\/pokretmeri.org.rs\/home\/wp-json\/wp\/v2\/posts"}],"about":[{"href":"https:\/\/pokretmeri.org.rs\/home\/wp-json\/wp\/v2\/types\/post"}],"author":[{"embeddable":true,"href":"https:\/\/pokretmeri.org.rs\/home\/wp-json\/wp\/v2\/users\/1"}],"replies":[{"embeddable":true,"href":"https:\/\/pokretmeri.org.rs\/home\/wp-json\/wp\/v2\/comments?post=2933"}],"version-history":[{"count":1,"href":"https:\/\/pokretmeri.org.rs\/home\/wp-json\/wp\/v2\/posts\/2933\/revisions"}],"predecessor-version":[{"id":2938,"href":"https:\/\/pokretmeri.org.rs\/home\/wp-json\/wp\/v2\/posts\/2933\/revisions\/2938"}],"wp:featuredmedia":[{"embeddable":true,"href":"https:\/\/pokretmeri.org.rs\/home\/wp-json\/wp\/v2\/media\/2949"}],"wp:attachment":[{"href":"https:\/\/pokretmeri.org.rs\/home\/wp-json\/wp\/v2\/media?parent=2933"}],"wp:term":[{"taxonomy":"category","embeddable":true,"href":"https:\/\/pokretmeri.org.rs\/home\/wp-json\/wp\/v2\/categories?post=2933"},{"taxonomy":"post_tag","embeddable":true,"href":"https:\/\/pokretmeri.org.rs\/home\/wp-json\/wp\/v2\/tags?post=2933"}],"curies":[{"name":"wp","href":"https:\/\/api.w.org\/{rel}","templated":true}]}}